{"id":567,"date":"2020-12-24T08:50:42","date_gmt":"2020-12-24T05:50:42","guid":{"rendered":"http:\/\/www.habertelgraf.com\/?p=567"},"modified":"2020-12-24T08:50:42","modified_gmt":"2020-12-24T05:50:42","slug":"gida-kriziyle-mucadeleye-iliskin-aciklama-geldi","status":"publish","type":"post","link":"http:\/\/www.habertelgraf.com\/?p=567","title":{"rendered":"G\u0131da kriziyle m\u00fccadeleye ili\u015fkin a\u00e7\u0131klama geldi"},"content":{"rendered":"\n<p><strong>BAKAN PAKDEM\u0130RL\u0130;<\/strong><\/p>\n\n\n\n<p><strong>\u201cTar\u0131mda Yeni ve Yerli Bir Y\u00fczy\u0131l\u201d Vizyonu ile \u00c7al\u0131\u015f\u0131yoruz<\/strong><\/p>\n\n\n\n<p><strong>Bu Y\u0131l Tar\u0131m\u0131m\u0131z, %5,3 B\u00fcy\u00fcme ile Ekonomimize Katk\u0131 Sa\u011flad\u0131<\/strong><\/p>\n\n\n\n<p><strong>Pandemiye Ra\u011fmen, Bitkisel \u00dcretimde Cumhuriyet Tarihi Rekoru K\u0131rd\u0131k<\/strong><\/p>\n\n\n\n<p><strong>Su ve Sulamada S\u0131k\u0131nt\u0131 Ya\u015famamak Ad\u0131na 11 Milyar Liral\u0131k Yat\u0131r\u0131m Yapt\u0131k<\/strong><\/p>\n\n\n\n<p><strong>K\u0131rsal Mahallenin Avantajlar\u0131ndan K\u00f6ylerimiz de Yararlanacak<\/strong><\/p>\n\n\n\n<p><strong>G\u0131dan\u0131 Koru &#8211; S\u00f6z Ver Kampanyas\u0131 ile D\u00fcnya Rekoru K\u0131rd\u0131k<\/strong><\/p>\n\n\n\n<p>III. Tar\u0131m Orman \u015euras\u0131 kapsam\u0131nda belirlenen eylemler bir bir hayata ge\u00e7iriliyor.<\/p>\n\n\n\n<p>Tar\u0131m-Orman \u015e\u00fbras\u0131n\u0131n sonu\u00e7 belgesi kamuoyuna 21 Kas\u0131m 2019\u2019da Cumhurba\u015fkan\u0131m\u0131z Say\u0131n Recep Tayyip Erdo\u011fan taraf\u0131ndan a\u00e7\u0131kland\u0131. Tar\u0131m\u0131n s\u00fcrd\u00fcrebilirli\u011fi, g\u0131dan\u0131n gelece\u011fi, ormanlar\u0131m\u0131z\u0131n yar\u0131n\u0131 ve suyun istikbali i\u00e7in 5 y\u0131ll\u0131k planlar olu\u015fturuldu ve 25 y\u0131la \u0131\u015f\u0131k tutacak bir yol haritas\u0131 haz\u0131rland\u0131. \u015eura kapsam\u0131nda haz\u0131rlanan eylem plan\u0131 da iki ayda tamamlanarak uygulamaya konuldu.<\/p>\n\n\n\n<p>Tar\u0131m ve Orman Bakan\u0131m\u0131z Dr. Bekir Pakdemirli, III. Tar\u0131m-Orman \u015e\u00fbras\u0131 2020 faaliyetlerini, Video Konferans Y\u00f6ntemiyle d\u00fczenlenen de\u011ferlendirme toplant\u0131s\u0131nda kamuoyuna da sundu.<\/p>\n\n\n\n<p>Bakanl\u0131\u011fa ba\u011fl\u0131 b\u00f6lge, il, il\u00e7e m\u00fcd\u00fcrleri ile TKDK Koordinat\u00f6rlerinin haz\u0131r bulundu\u011fu de\u011ferlendirme toplant\u0131s\u0131nda konu\u015fan Bakan Pakdemirli, 2020 y\u0131l\u0131 eylemlerinin Tar\u0131msal \u00dcretim ve Arz G\u00fcvenli\u011fi,, G\u00fcvenilir G\u0131da,, K\u0131rsal Kalk\u0131nma,, Bal\u0131k\u00e7\u0131l\u0131k ve Su \u00dcr\u00fcnleri,, Toprak ve Su Kaynaklar\u0131,, Biyolojik \u00c7e\u015fitlilik ve \u0130klim De\u011fi\u015fikli\u011fi,, Ormanc\u0131l\u0131k,, Dijitalle\u015fme, Teknoloji Kullan\u0131m\u0131, Ar-Ge olmak \u00fczere 8 ana ba\u015fl\u0131kta belirlendi\u011fini s\u00f6yledi.<\/p>\n\n\n\n<p><strong>\u201cTar\u0131mda Yeni ve Yerli Bir Y\u00fczy\u0131l\u201d<\/strong><\/p>\n\n\n\n<p>Pandemiye ra\u011fmen T\u00fcrkiye\u2019nin 2020 y\u0131l\u0131nda \u00fcretimini aksatmadan s\u00fcrd\u00fcrd\u00fc\u011f\u00fcne dikkati \u00e7eken Bakan Pakdemirli, bir\u00e7ok \u00fclkenin s\u0131n\u0131rlar\u0131n\u0131 kapatt\u0131\u011f\u0131, g\u0131da tedarik zincirinde sorunlar ya\u015fad\u0131\u011f\u0131 d\u00f6nemde, T\u00fcrkiye\u2019nin son 18 y\u0131lda olu\u015fturdu\u011fu sa\u011flam alt yap\u0131 ile s\u00fcreci ba\u015far\u0131l\u0131 bir \u015fekilde y\u00f6netti\u011fini belirtti.<\/p>\n\n\n\n<p>Son iki y\u0131lda Cumhurba\u015fkanl\u0131\u011f\u0131 h\u00fck\u00fcmet sistemi ile beraber de Tar\u0131mda yerlili\u011fe dayal\u0131 yeni bir as\u0131r ba\u015flad\u0131\u011f\u0131n\u0131 belirten Bakan Pakdemirli; \u201cBildi\u011finiz gibi k\u00fcresel anlamda yeni y\u00fczy\u0131lda; tar\u0131m ve g\u0131dan\u0131n artan stratejik \u00f6nemi, buna kar\u015f\u0131n k\u00fcresel \u0131s\u0131nma, iklim de\u011fi\u015fiklikleri, n\u00fcfus projeksiyonlar\u0131 de\u011ferlendirildi\u011finde, tar\u0131m-orman sekt\u00f6r\u00fcm\u00fcz\u00fc yeni y\u00fczy\u0131la, yeni bir vizyonla haz\u0131rlamam\u0131z gereklili\u011fini zaruri k\u0131lmaktad\u0131r. \u0130\u015fte tam da bu do\u011frultuda Cumhurba\u015fkanl\u0131\u011f\u0131 H\u00fck\u00fcmet Sistemi\u2019nin etkin y\u00f6netim mekanizmas\u0131yla; ge\u00e7ti\u011fimiz y\u00fczy\u0131lda \u00fclke tar\u0131m\u0131m\u0131zda \u00e7\u0131kmaz nokta olarak g\u00f6r\u00fcnen sorunlar\u0131 \u00e7\u00f6zerek, \u2019Tar\u0131mda Yeni ve Yerli Bir Y\u00fczy\u0131l\u2019 vizyonu ile i\u015fe koyulduk\u201d dedi.<\/p>\n\n\n\n<p><strong>Bu Y\u0131l Tar\u0131m, %5,3 B\u00fcy\u00fcyerek Ekonomimize \u00d6nemli Katk\u0131 Sa\u011flad\u0131<\/strong><\/p>\n\n\n\n<p>Bakan Pakdemirli tar\u0131m sekt\u00f6r\u00fcn\u00fcn pandemiye ra\u011fmen, t\u00fcm \u00e7eyreklerde b\u00fcy\u00fcme g\u00f6sterdi\u011finin de alt\u0131n\u0131 \u00e7izdi. \u201c\u00d6zellikle 2020 y\u0131l\u0131nda her \u00e7eyrekte giderek artan bir b\u00fcy\u00fcme ivmesi var. 1 inci \u00e7eyrekte %2,1, 2 inci \u00e7eyrekte %4,2 olan b\u00fcy\u00fcme 3 \u00fcnc\u00fc \u00e7eyrekte %6,2\u2019ye ula\u015ft\u0131. \u0130lk 3 \u00e7eyrek ortalamas\u0131nda T\u00fcrkiye %0,5 b\u00fcy\u00fcme g\u00f6sterirken, tar\u0131m %5,3 b\u00fcy\u00fcyerek ekonomimize \u00f6nemli katk\u0131 sa\u011flad\u0131. \u0130n\u015fallah bu y\u0131l\u0131 tar\u0131mda, \u00f6nemli bir b\u00fcy\u00fcme ile kapataca\u011f\u0131z. 9 ayl\u0131k tar\u0131msal has\u0131lam\u0131z ge\u00e7en y\u0131l\u0131n ayn\u0131 d\u00f6nemine g\u00f6re %20, tar\u0131m ve g\u0131da \u00fcr\u00fcnleri ihracat\u0131m\u0131z da y\u0131l\u0131n ilk 10 ay\u0131nda, ge\u00e7en y\u0131l\u0131n ayn\u0131 d\u00f6nemine g\u00f6re %5 art\u0131\u015f g\u00f6sterdi. Ayr\u0131ca; \u00c7in\u2019e s\u00fct ve s\u00fct \u00fcr\u00fcnleri ile kanatl\u0131 eti ve \u00fcr\u00fcnleri ihracat\u0131 ba\u015flad\u0131.\u201d<\/p>\n\n\n\n<p><strong>Bitkisel \u00dcretimde Cumhuriyet Tarihinin Rekorunu K\u0131rd\u0131k<\/strong><\/p>\n\n\n\n<p>Bakan Pakdemirli, 2020 y\u0131l\u0131nda, Pandemi d\u00f6neminde bir\u00e7ok \u00fclke kendi kendine yetemezken, T\u00fcrkiye\u2019nin tar\u0131mda Cumhuriyet tarihi rekorlar\u0131 k\u0131rd\u0131\u011f\u0131n\u0131 da s\u00f6yledi; Bitkisel \u00fcretimin, 2019\u2019a g\u00f6re 7 Milyon ton art\u0131\u015fla 124 Milyon tona ula\u015ft\u0131\u011f\u0131n\u0131 ifade etti. Bakan Pakdemirli sadece bitkisel de\u011fil, hayvansal \u00fcretimdeki art\u0131\u015fa da dikkati \u00e7ekti; \u201cHayvansal \u00fcretimde ise 2020 y\u0131l\u0131 ilk 6 ayl\u0131k verilerine g\u00f6re; B\u00fcy\u00fckba\u015f hayvan varl\u0131\u011f\u0131m\u0131z bir \u00f6nceki y\u0131la g\u00f6re, 800 Bin ba\u015f art\u0131\u015fla 18,6 Milyon ba\u015fa, K\u00fc\u00e7\u00fckba\u015f hayvan varl\u0131\u011f\u0131m\u0131z ise 6,6 Milyon ba\u015f art\u0131\u015fla, 55,1 milyon ba\u015fa y\u00fckseldi. K\u00fc\u00e7\u00fckba\u015ftaki 6,6 Milyon ba\u015f art\u0131\u015f ile 1 y\u0131l baz\u0131nda miktar olarak son 80 y\u0131ldaki en fazla art\u0131\u015f\u0131 sa\u011flad\u0131k. Hamdolsun, k\u00fc\u00e7\u00fckba\u015f hayvan varl\u0131\u011f\u0131nda AB\u2019de birinci, b\u00fcy\u00fckba\u015fta ikinci s\u0131raday\u0131z.\u201d<\/p>\n\n\n\n<p><strong>Tar\u0131msal Destekleri %37\u2019lik Art\u0131\u015fla, 22 Milyar Liraya \u00c7\u0131kard\u0131k<\/strong><\/p>\n\n\n\n<p>\u015e\u00fbra Eylem Plan\u0131 ile hayata ge\u00e7irilen \u201cTar\u0131msal \u00dcretim ve Arz G\u00fcvenli\u011fi\u201d konusu kapsam\u0131nda, tar\u0131mda verimli\u011fin art\u0131r\u0131lmas\u0131 ve \u00fcretimin do\u011fru y\u00f6nlendirilmesi i\u00e7in tar\u0131msal desteklere \u00f6nem verdiklerini s\u00f6yledi Bakan Pakdemirli. Destekleri 22 milyar liraya \u00e7\u0131kard\u0131klar\u0131n\u0131 belirterek; \u201c2020 y\u0131l\u0131nda; Tar\u0131msal destek miktar\u0131n\u0131 2019\u2019a g\u00f6re %37\u2019lik gibi b\u00fcy\u00fck bir art\u0131\u015fla, 22 Milyar Liraya \u00e7\u0131kard\u0131k. Desteklere yeni konular\u0131 d\u00e2hil ederken, baz\u0131 \u00f6nemli destek kalemlerinde ciddi art\u0131\u015flar sa\u011flad\u0131k. Burada arz a\u00e7\u0131\u011f\u0131m\u0131z olan pamuk ve ay\u00e7i\u00e7e\u011fi \u00f6ne \u00e7\u0131k\u0131yor. K\u00fctl\u00fc pamuk destek miktar\u0131n\u0131; y\u00fczde 37,5 art\u0131\u015fla kg ba\u015f\u0131na 1 Lira 10 kuru\u015fa, Ay\u00e7i\u00e7e\u011fi destek miktar\u0131n\u0131 y\u00fczde 25 art\u0131\u015fla kg ba\u015f\u0131na 50 kuru\u015fa \u00e7\u0131kard\u0131k. Hayvanc\u0131l\u0131\u011fa 7,4 Milyar Lira destek sa\u011flad\u0131k. 2021 y\u0131l\u0131nda ise tar\u0131m-orman sekt\u00f6r\u00fcne toplam 24 Milyar lira tar\u0131msal destek \u00f6deyece\u011fiz\u201d dedi. &nbsp;<\/p>\n\n\n\n<p>Bakan Pakdemirli bu y\u0131l hayata ge\u00e7irilen en \u00f6nemli projelerden biri olan D\u0130TAP\u2019a getirdi s\u00f6z\u00fc. S\u00f6zle\u015fmeli \u00fcretimden, fiyat istikrar\u0131na, maliyetlerin d\u00fc\u015f\u00fcr\u00fclmesinden tedarik teminine kadar i\u00e7erisinde her \u015feyi bar\u0131nd\u0131ran D\u0130TAP ile tar\u0131m\u0131n geli\u015fmesine b\u00fcy\u00fck katk\u0131 sa\u011flanaca\u011f\u0131n\u0131 s\u00f6yledi. \u201cD\u0130TAP ile Edirne\u2019den Kars\u2019a, Hatay\u2019dan Sinop\u2019a al\u0131c\u0131 ve sat\u0131c\u0131 arac\u0131s\u0131z olarak bir araya geliyor. \u00dcretici daha fazla kazan\u0131yor, t\u00fcketici daha uygun fiyatla o \u00fcr\u00fcne ula\u015f\u0131yor. D\u0130TAP; tar\u0131mda \u00f6nemli sorunlar\u0131m\u0131zdan biri olan pazarlamay\u0131, \u00e7\u00f6z\u00fcme kavu\u015fturacak olan teknolojik bir devrimdir. \u015eu ana kadar D\u0130TAP\u2019taki \u00fcye say\u0131s\u0131 160 Bini, ciro ise 150 Milyon Liray\u0131 ge\u00e7ti.\u201d<\/p>\n\n\n\n<p><strong>\u201cSu ve Sulamada S\u0131k\u0131nt\u0131 Ya\u015famamak Ad\u0131na 11 Milyar Liral\u0131k Yat\u0131r\u0131m Yapt\u0131k\u201d<\/strong><\/p>\n\n\n\n<p>K\u00fcresel \u0131s\u0131nma ve iklim de\u011fi\u015fikliklerinin de etkisiyle \u00f6n\u00fcm\u00fczdeki y\u00fczy\u0131lda d\u00fcnyada ciddi anlamda su s\u0131k\u0131nt\u0131lar\u0131 ya\u015fanmas\u0131 bekleniyor. Ancak T\u00fcrkiye att\u0131\u011f\u0131 ad\u0131mlar ile \u015fimdiden tedbirini al\u0131yor. Tar\u0131m ve Orman Bakan\u0131 Pakdemirli, 2020\u2019de bu kapsamda 11 Milyar Liral\u0131k yat\u0131r\u0131m yap\u0131ld\u0131\u011f\u0131n\u0131 ve kurakl\u0131kla m\u00fccadele kapsam\u0131nda y\u0131lda 7,4 milyar m3 kullan\u0131lm\u0131\u015f suyun tekrar kullan\u0131labilece\u011finin tespit edildi\u011fini a\u00e7\u0131klad\u0131. Pakdemirli; \u201c15 Baraj, 38 G\u00f6let, 6 HES, 150 Ta\u015fk\u0131n Koruma Tesisi, 18 \u0130\u00e7mesuyu ve At\u0131ksu, 75 Sulama Tesisi faaliyete al\u0131nm\u0131\u015ft\u0131r. 2021\u2019i SU ve SULAMA yat\u0131r\u0131mlar\u0131nda hamle y\u0131l\u0131 olarak tasarlad\u0131k. DS\u0130\u2019nin 2021 y\u0131l\u0131 yat\u0131r\u0131m b\u00fct\u00e7esi; 2,4 kat art\u0131\u015fla 6,5 Milyar Liradan 15,3 Milyar Liraya \u00e7\u0131kar\u0131lm\u0131\u015ft\u0131r. 2021 y\u0131l\u0131nda; 51 baraj ve 39 adet g\u00f6let ve bent bitirilerek depolama say\u0131s\u0131 1.617\u2019ye, Arazi toplula\u015ft\u0131rma \u00e7al\u0131\u015fmalar\u0131nda biten proje say\u0131s\u0131 307\u2019ye, toplula\u015ft\u0131rma yap\u0131lan alan 6 milyon hektara ula\u015facakt\u0131r. Tesis say\u0131s\u0131 382 adede ula\u015facak ve temin edilecek i\u00e7me suyu miktar\u0131 y\u0131ll\u0131k 4,8 milyar m3 olacakt\u0131r.137 ta\u015fk\u0131n tesisi daha bitirilerek tesis say\u0131s\u0131 10.244 olacakt\u0131r. Biten sulama tesisi 3.313\u2019e ve sulamaya a\u00e7\u0131lan saha 6,9 milyon hektara ula\u015facakt\u0131r. Ayr\u0131ca ba\u015flatt\u0131\u011f\u0131m\u0131z 100 yeralt\u0131 baraj\u0131 \u00e7al\u0131\u015fmalar\u0131n\u0131 da h\u0131zland\u0131rmay\u0131 planl\u0131yoruz. Kurakl\u0131kla M\u00fccadele kapsam\u0131nda y\u0131lda 7,4 milyar m3 kullan\u0131lm\u0131\u015f suyun tekrar kullan\u0131labilece\u011fini tespit ettik.\u201d<\/p>\n\n\n\n<p><strong>\u201cEkilmedik Bir Kar\u0131\u015f Toprak Bile B\u0131rakmayaca\u011f\u0131z\u201d<\/strong><\/p>\n\n\n\n<p>Pandemi s\u00fcrecinde tar\u0131m ve g\u0131dan\u0131n ne kadar stratejik bir alan oldu\u011funun bir kez daha g\u00f6r\u00fcld\u00fc\u011f\u00fcn\u00fc de belirten Bakan Pakdemirli ekilmedik bir kar\u0131\u015f toprak bile b\u0131rakmama kararl\u0131l\u0131\u011f\u0131 ile Hazine arazilerini \u00fcretime kazand\u0131rmak i\u00e7in \u00c7evre ve \u015eehircilik Bakanl\u0131\u011f\u0131 ile protokol imzaland\u0131\u011f\u0131n\u0131 hat\u0131rlatt\u0131. \u201c%75 tohum hibesiyle 24 ilimizde 350 Bin dekar alanda Yazl\u0131k Ekili\u015f ba\u015flatt\u0131k. Ayr\u0131ca, bu y\u0131l bo\u015f, at\u0131l olan ve nadasa b\u0131rak\u0131lan toplam 1 milyon dekar alan\u0131 yeniden \u00fcretime kazand\u0131rd\u0131k\u201d dedi.<\/p>\n\n\n\n<p><strong>\u0130lk Yerli Ve Milli Elektrikli Trakt\u00f6r\u00fcn \u00dcretimine Ge\u00e7tik<\/strong><\/p>\n\n\n\n<p>2020 y\u0131l\u0131n\u0131 Tar\u0131mda Dijitalle\u015fme Y\u0131l\u0131 ilan ettiklerini s\u00f6yleyen Bakan Pakdemirli, bu kapsamda at\u0131lan en \u00f6nemli ad\u0131mlardan birinin de Elektrikli Trakt\u00f6r oldu\u011funu ve \u00fcretiminin yap\u0131ld\u0131\u011f\u0131n\u0131 s\u00f6yledi. Pakdemirli; \u201c105 BG g\u00fcc\u00fcnde olan bu trakt\u00f6rden 20 adedinin \u00fcretimi tamamlanmak \u00fczere. Ayr\u0131ca; 65 BG g\u00fcc\u00fcndeki Elektrikli Bah\u00e7e Trakt\u00f6r\u00fc Prototipi Geli\u015ftirme Projesi, Bakanl\u0131\u011f\u0131m\u0131z ve \u00dcniversite i\u015fbirli\u011fi \u00e7er\u00e7evesinde otonom ila\u00e7lama robotu ile de\u011fi\u015fken oranl\u0131 ila\u00e7 uygulama projesi \u00e7al\u0131\u015fmalar\u0131 devam etmektedir.\u201d<\/p>\n\n\n\n<p><strong>K\u0131rsalda 16.629 Projeye, 1,1 Milyar Lira Destekleme Yapt\u0131k<\/strong><\/p>\n\n\n\n<p>Bakan Pakdemirli, K\u0131rsal Kalk\u0131nma alan\u0131nda kalk\u0131nmay\u0131 ve istihdam\u0131 art\u0131rmak, kad\u0131n ve gen\u00e7 giri\u015fimcilere destek olmak amac\u0131yla bu y\u0131l \u00e7ok say\u0131da program uygulad\u0131klar\u0131n\u0131 s\u00f6yledi. \u201c2020 y\u0131l\u0131nda Ekonomik yat\u0131r\u0131mlar, IPARD, K\u0131rsalda Uzman Eller ve ORK\u00d6Y destekleri kapsam\u0131nda; 16.629 projeye, 1,1 Milyar Lira destekleme yapt\u0131k. Ayr\u0131ca; k\u0131rsal kalk\u0131nmaya daha fazla yat\u0131r\u0131m ve destek sa\u011flamak amac\u0131yla; KKYDP yat\u0131r\u0131mlar\u0131n\u0131 2025 y\u0131l\u0131na kadar uzatt\u0131k.&nbsp; 2021-2027 d\u00f6nemini kapsayan IPARD-3 haz\u0131rl\u0131k \u00e7al\u0131\u015fmalar\u0131na da ba\u015flad\u0131k.\u201d<\/p>\n\n\n\n<p><strong>K\u0131rsal Mahallenin Avantajlar\u0131ndan K\u00f6ylerimiz de Yararlanacak<\/strong><\/p>\n\n\n\n<p>Bakan Pakdemirli, B\u00fcy\u00fck\u015fehir belediyelerinde mahallelerin k\u0131rsal ve kentsel olarak yeniden tan\u0131mlanmas\u0131, k\u0131rsal mahallelerde k\u00f6y t\u00fczel ki\u015fili\u011fi yap\u0131s\u0131n\u0131n korunmas\u0131 i\u00e7in B\u00fcy\u00fck\u015fehir Belediyesi Kanununda yap\u0131lan de\u011fi\u015fikli\u011fi de hat\u0131rlatt\u0131, sa\u011flayaca\u011f\u0131 avantajlar\u0131 bir bir s\u0131ralad\u0131. \u201cK\u00f6y veya belde belediyesi iken mahalleye d\u00f6n\u00fc\u015fen yerle\u015fim yerleri k\u0131rsal mahalleye art\u0131k d\u00f6nebilecekler. Bu sayede K\u0131rsal mahallenin avantajlar\u0131ndan k\u00f6ylerimiz yararlanacak. Tar\u0131msal \u00fcretim amac\u0131yla kullan\u0131lan bina, arsa ve araziler ile mesken olarak kullan\u0131lan binalar emlak vergisinden muaf olacak. Tar\u0131msal ama\u00e7l\u0131 ve di\u011fer yap\u0131lar i\u00e7in al\u0131nmas\u0131 gereken bina in\u015faat harc\u0131 ile imarla ilgili har\u00e7lar al\u0131nmayacak. Al\u0131nmas\u0131 gereken di\u011fer vergi, har\u00e7 ve harcamalara kat\u0131lma paylar\u0131 %50 indirimli uygulanacak, \u0130\u00e7me ve kullanma sular\u0131 i\u00e7in al\u0131nacak \u00fccret en d\u00fc\u015f\u00fck tarifenin i\u015fyerleri i\u00e7in %50\u2019sini, konutlar i\u00e7in %25\u2019ini ge\u00e7meyecek \u015fekilde belirlenecektir. Ayr\u0131ca daha \u00f6nceden orman k\u00f6y\u00fc veya orman k\u00f6yl\u00fcs\u00fcne tan\u0131nan hak, sorumluluk ve imtiyazlardan istifade eden yerler de ayn\u0131 imk\u00e2nlardan yararlanacak.\u201d<\/p>\n\n\n\n<p><strong>Su \u00dcr\u00fcnleri Yeti\u015ftiricilik \u00dcretiminde D\u00fcnyada En H\u0131zl\u0131 B\u00fcy\u00fcyen 3. \u00dclkeyiz<\/strong><\/p>\n\n\n\n<p>Bal\u0131k\u00e7\u0131l\u0131k ve Su \u00dcr\u00fcnlerinde de bu y\u0131l \u015eura eylem plan\u0131 kapsam\u0131nda \u00f6nemli \u00e7al\u0131\u015fmalar yap\u0131ld\u0131. Bakan Pakdemirli yeti\u015ftiricilikte en h\u0131zl\u0131 b\u00fcy\u00fcyen \u00fc\u00e7\u00fcnc\u00fc \u00fclke oldu\u011fumuzu s\u00f6yledi; \u201c\u00dclkemiz, su \u00fcr\u00fcnleri yeti\u015ftiricilik \u00fcretiminde d\u00fcnyada en h\u0131zl\u0131 b\u00fcy\u00fcyen 3 \u00fcnc\u00fc \u00fclke. Avrupa \u00fclkeleri aras\u0131nda 2 inci s\u0131rada, deniz bal\u0131k avc\u0131l\u0131\u011f\u0131nda ise Avrupa\u2019da 6 \u0131nc\u0131 s\u0131raday\u0131z. Verdi\u011fimiz destekler ile su \u00fcr\u00fcnleri yeti\u015ftiricili\u011fi \u00fcretim miktar\u0131n\u0131n bu y\u0131l 400 bin tona ula\u015fmas\u0131n\u0131 bekliyoruz.\u201d<\/p>\n\n\n\n<p><strong>Y\u0131ll\u0131k G\u0131da Denetimi Say\u0131m\u0131z\u0131 Yakla\u015f\u0131k 1,3 Milyona \u00c7\u0131kard\u0131k<\/strong><\/p>\n\n\n\n<p>\u015eura eylem plan\u0131 kapsam\u0131nda hayata ge\u00e7irilen \u2018G\u00fcvenilir G\u0131da\u2019 alan\u0131ndaki \u00e7al\u0131\u015fmalar\u0131 da anlatt\u0131 Bakan Pakdemirli. \u201cY\u0131ll\u0131k denetim say\u0131m\u0131z\u0131 yakla\u015f\u0131k 1,3 milyona \u00e7\u0131kard\u0131k. Taklit ve ta\u011f\u015fi\u015f cezalar\u0131n\u0131n cayd\u0131r\u0131c\u0131l\u0131\u011f\u0131 i\u00e7in Kanunda de\u011fi\u015fiklik yapt\u0131k. Taklit ve ta\u011f\u015fi\u015f kapsam\u0131nda; 2020 y\u0131l\u0131nda 5 kamuoyu duyurusu yap\u0131ld\u0131. Bakanl\u0131k olarak en \u00e7ok \u00f6nem verdi\u011fimiz konular i\u00e7erisinde G\u0131da Okur Yazarl\u0131\u011f\u0131 da yer al\u0131yor. Bu konuyu \u00f6nemsiyoruz, fark\u0131ndal\u0131\u011f\u0131 art\u0131rmak i\u00e7in \u00e7al\u0131\u015f\u0131yoruz. Bu kapsamda; G\u0131dada Do\u011fru Bilgi k\u00f6\u015fesi haz\u0131rland\u0131. 0 501 174 0174 numaral\u0131 Whatsapp \u0130hbar Hatt\u0131 vatanda\u015flar\u0131m\u0131z\u0131n kullan\u0131m\u0131na a\u00e7\u0131ld\u0131.\u201d<\/p>\n\n\n\n<p><strong>\u2018G\u0131dan\u0131 Koru &#8211; S\u00f6z Ver Kampanyas\u0131 ile D\u00fcnya Rekoru K\u0131rd\u0131k\u2019<\/strong><\/p>\n\n\n\n<p>Bu y\u0131l May\u0131s ay\u0131nda ba\u015flat\u0131lan \u2018G\u0131dan\u0131 Koru Sofrana Sahip \u00c7\u0131k\u2019 kampanyas\u0131n\u0131 da anlatt\u0131 Bakan Pakdemirli. D\u00fcnya\u2019da \u00fcretilen g\u0131dan\u0131n 3\u2019te birinin, \u00dclkemizde ise her y\u0131l 18,8 Milyon ton g\u0131dan\u0131n \u00e7\u00f6pe gitti\u011fini s\u00f6yleyen Pakdemirli; \u201d\u00dclkemizin y\u0131ll\u0131k g\u0131da cirosu 500 Milyar Lirad\u0131r. E\u011fer, toplumsal fark\u0131ndal\u0131k meydana getirebilir, y\u00fczde 2\u2019lik bir tasarruf sa\u011flayabilirsek, 10 Milyar Liram\u0131z\u0131 \u00e7\u00f6pe atmam\u0131\u015f oluruz. Bu rakam, 360 bin ailenin y\u0131ll\u0131k asgari ge\u00e7imi demektir!\u201d dedi.<\/p>\n\n\n\n<p>Bu kampanya paralelinde ba\u015flat\u0131lan \u2018Sen de S\u00f6z Ver\u2019 kampanyas\u0131 ile yeni bir d\u00fcnya rekoru k\u0131r\u0131ld\u0131\u011f\u0131n\u0131 da a\u00e7\u0131klad\u0131 Bakan Pakdemirli; \u201cS\u00d6Z VER slogan\u0131yla g\u0131da israf\u0131 yapmayaca\u011f\u0131na s\u00f6z verenlerin dijital olarak imzas\u0131n\u0131 al\u0131yoruz. Bug\u00fcne kadar yakla\u015f\u0131k 800 Bin ki\u015fi s\u00f6z verdi. Bu say\u0131yla bu alanda bir d\u00fcnya rekoru da k\u0131rd\u0131k\u201d dedi.<\/p>\n\n\n\n<p><strong>Bin 525 Ata Tohumu Devlet Korumas\u0131 Alt\u0131nda<\/strong><\/p>\n\n\n\n<p>Yeni y\u00fczy\u0131lda millile\u015fme anlam\u0131nda at\u0131lan ad\u0131mlardan birinin de yerel tohumlar\u0131m\u0131z\u0131 muhafaza alt\u0131na almak oldu\u011funu ifade eden Bakan Pakdemirli, yakla\u015f\u0131k bin 500 Ata yadigar\u0131 tohumun devlet korumas\u0131 alt\u0131nda oldu\u011funu belirtti; \u201cToplam 1.525 ata tohumu Tohum Gen Bankalar\u0131m\u0131zda korunuyor. 394 adet yerel \u00e7e\u015fit aday\u0131n\u0131n, tan\u0131mlama \u00e7al\u0131\u015fmalar\u0131 devam etmektedir. 2020 y\u0131l\u0131nda 42 yerel \u00e7e\u015fit tespit edilerek kay\u0131t alt\u0131na al\u0131nd\u0131\u201d dedi.<\/p>\n\n\n\n<p><strong>Orman Varl\u0131\u011f\u0131m\u0131z\u0131 22,6 Milyon Hektardan 22,9 Milyon Hektara \u00c7\u0131kard\u0131k<\/strong><\/p>\n\n\n\n<p>Ormanc\u0131l\u0131k \u00e7al\u0131\u015fmalar\u0131na da a\u011f\u0131rl\u0131k verildi\u011fini belirten Bakan Pakdemirli Orman Varl\u0131\u011f\u0131n\u0131n 22,6 milyon hektardan 22,9 milyon hektara \u00e7\u0131kar\u0131ld\u0131\u011f\u0131n\u0131 s\u00f6yledi. Pakdemirli \u201cA\u011fa\u00e7land\u0131rma \u00c7al\u0131\u015fmalar\u0131nda; Avrupa\u2019da 1&#8217;inci, D\u00fcnyada ise 4&#8217;\u00fcnc\u00fc s\u0131raday\u0131z. 2020\u2019de; d\u00fcnya orman varl\u0131\u011f\u0131 bak\u0131m\u0131ndan 47. s\u0131radan 26. s\u0131raya y\u00fckseldik. &nbsp;2019 y\u0131l\u0131nda Gelece\u011fe Nefes diyerek ba\u015flatt\u0131\u011f\u0131m\u0131z kampanyam\u0131z\u0131 bu y\u0131l D\u00fcnyaya Nefes diyerek geni\u015flettik. 11 Kas\u0131mda Say\u0131n Cumhurba\u015fkan\u0131m\u0131z\u0131n\u0131m te\u015frifiyle, 28 \u00fclkede 4,5 milyon fidan\u0131 toprakla bulu\u015fturduk\u201d dedi. &nbsp;<\/p>\n\n\n\n<p>Orman yang\u0131nlar\u0131 ile m\u00fccadelede Avrupa ve T\u00fcrkiye\u2019de ilk defa; \u0130nsans\u0131z Hava Ara\u00e7lar\u0131 (\u0130HA), kullan\u0131lmaya ba\u015fland\u0131\u011f\u0131n\u0131 da belirten Bakan Pakdemirli, 2021 y\u0131l\u0131nda \u0130HA say\u0131s\u0131n\u0131 4\u2019e \u00e7\u0131karmay\u0131 hedeflediklerini de ekledi.<\/p>\n\n\n\n<p>2020 y\u0131l\u0131nda pandemiye ra\u011fmen \u015eura\u2019da belirlenen eylemleri ve faaliyetleri h\u0131z kesmeden hayata ge\u00e7irdiklerinin alt\u0131n\u0131 \u00e7izen Bakan Pakdemirli \u201cVerdi\u011fimiz s\u00f6zleri ve planlad\u0131\u011f\u0131m\u0131z \u00e7al\u0131\u015fmalar\u0131 ba\u015far\u0131 ile tamamlad\u0131k.2021 y\u0131l\u0131nda da \u00f6nceli\u011fimiz \u00fcreticiyi korumak, t\u00fcketiciyi kollamak olacakt\u0131r. 2021 y\u0131l\u0131nda sekt\u00f6r\u00fcm\u00fcz\u00fc tar\u0131msal destekler ve m\u00fcdahale al\u0131mlar\u0131n\u0131n yan\u0131nda tar\u0131m, orman ve sulama yat\u0131r\u0131mlar\u0131 ile b\u00fcy\u00fctmeye ve desteklemeye devam edece\u011fiz\u201d diyerek s\u00f6zlerini tamamlad\u0131.<\/p>\n","protected":false},"excerpt":{"rendered":"<p>BAKAN PAKDEM\u0130RL\u0130; \u201cTar\u0131mda Yeni ve Yerli Bir Y\u00fczy\u0131l\u201d Vizyonu ile \u00c7al\u0131\u015f\u0131yoruz Bu Y\u0131l Tar\u0131m\u0131m\u0131z, %5,3 B\u00fcy\u00fcme ile Ekonomimize Katk\u0131 Sa\u011flad\u0131 Pandemiye Ra\u011fmen, Bitkisel \u00dcretimde Cumhuriyet Tarihi Rekoru K\u0131rd\u0131k Su ve Sulamada S\u0131k\u0131nt\u0131 Ya\u015famamak Ad\u0131na 11 Milyar Liral\u0131k Yat\u0131r\u0131m Yapt\u0131k K\u0131rsal Mahallenin Avantajlar\u0131ndan K\u00f6ylerimiz de Yararlanacak G\u0131dan\u0131 Koru &#8211; S\u00f6z Ver Kampanyas\u0131 ile D\u00fcnya Rekoru K\u0131rd\u0131k &hellip;<\/p>\n","protected":false},"author":1,"featured_media":0,"comment_status":"open","ping_status":"open","sticky":false,"template":"","format":"standard","meta":[],"categories":[3],"tags":[],"_links":{"self":[{"href":"http:\/\/www.habertelgraf.com\/index.php?rest_route=\/wp\/v2\/posts\/567"}],"collection":[{"href":"http:\/\/www.habertelgraf.com\/index.php?rest_route=\/wp\/v2\/posts"}],"about":[{"href":"http:\/\/www.habertelgraf.com\/index.php?rest_route=\/wp\/v2\/types\/post"}],"author":[{"embeddable":true,"href":"http:\/\/www.habertelgraf.com\/index.php?rest_route=\/wp\/v2\/users\/1"}],"replies":[{"embeddable":true,"href":"http:\/\/www.habertelgraf.com\/index.php?rest_route=%2Fwp%2Fv2%2Fcomments&post=567"}],"version-history":[{"count":1,"href":"http:\/\/www.habertelgraf.com\/index.php?rest_route=\/wp\/v2\/posts\/567\/revisions"}],"predecessor-version":[{"id":569,"href":"http:\/\/www.habertelgraf.com\/index.php?rest_route=\/wp\/v2\/posts\/567\/revisions\/569"}],"wp:attachment":[{"href":"http:\/\/www.habertelgraf.com\/index.php?rest_route=%2Fwp%2Fv2%2Fmedia&parent=567"}],"wp:term":[{"taxonomy":"category","embeddable":true,"href":"http:\/\/www.habertelgraf.com\/index.php?rest_route=%2Fwp%2Fv2%2Fcategories&post=567"},{"taxonomy":"post_tag","embeddable":true,"href":"http:\/\/www.habertelgraf.com\/index.php?rest_route=%2Fwp%2Fv2%2Ftags&post=567"}],"curies":[{"name":"wp","href":"https:\/\/api.w.org\/{rel}","templated":true}]}}