{"id":578,"date":"2021-01-29T00:26:50","date_gmt":"2021-01-28T21:26:50","guid":{"rendered":"http:\/\/www.habertelgraf.com\/?p=578"},"modified":"2021-01-31T01:36:14","modified_gmt":"2021-01-30T22:36:14","slug":"analiz-yeni-dunya-duzeninin-ekonomik-sifreleri","status":"publish","type":"post","link":"http:\/\/www.habertelgraf.com\/?p=578","title":{"rendered":"ANAL\u0130Z &#8211; Yeni d\u00fcnya d\u00fczeninin ekonomik \u015fifreleri"},"content":{"rendered":"\n<p class=\"has-drop-cap has-medium-font-size\">D\u00fcnya, koronavir\u00fcs\u00fcn ortaya \u00e7\u0131kmas\u0131n\u0131n ard\u0131ndan yeni bir d\u00fczene ge\u00e7i\u015f yapacak m\u0131? Yeni d\u00fczen ya da yeni d\u00fcnya d\u00fczeni diye adland\u0131r\u0131lan \u015fey asl\u0131nda neyi ifade ediyor?<\/p>\n\n\n\n<p><strong>Peki yeni d\u00fcnya d\u00fczeninin ekonomik alandaki \u015fifreleri neler?<\/strong><\/p>\n\n\n\n<p><\/p>\n\n\n\n<p>Yaz\u0131m\u0131zda bu ba\u015fl\u0131\u011fa verilecek sorular\u0131n yan\u0131tlar\u0131n\u0131 ele almaya \u00e7al\u0131\u015faca\u011f\u0131z.<\/p>\n\n\n\n<p>Daha teknolojik, daha h\u0131zl\u0131, daha pahal\u0131 bir al\u0131\u015f veri\u015f d\u00f6nemi ba\u015fl\u0131yor.<\/p>\n\n\n\n<p>\u0130nternetin g\u00fcvenli\u011fi tart\u0131\u015f\u0131ladursun yerel ma\u011fazalar\u0131n son d\u00f6nemde ya\u011fmalanmas\u0131 asl\u0131nda m\u00fc\u015fteri tercihleri ac\u0131s\u0131ndan ba\u015fka bir noktay\u0131 da i\u015faret etmekte.<\/p>\n\n\n\n<p>Amsterdam&#8217;da ma\u011fazalar, soka\u011fa \u00e7\u0131kma k\u0131s\u0131tlamas\u0131n\u0131 protesto eden g\u00f6stericilerin ya\u011fmalama olaylar\u0131na kar\u015f\u0131 vitrinlerini tahta plaka ve beton bloklarla kapatt\u0131.<\/p>\n\n\n\n<p><\/p>\n\n\n\n<p>Bunlar ya\u015fan\u0131rken Ulus\u00fcst\u00fc \u015firketlerin durumu tart\u0131\u015f\u0131l\u0131r oldu.<\/p>\n\n\n\n<figure class=\"wp-block-embed is-type-rich is-provider-twitter wp-block-embed-twitter\"><div class=\"wp-block-embed__wrapper\">\n<blockquote class=\"twitter-tweet\" data-width=\"550\" data-dnt=\"true\"><p lang=\"tr\" dir=\"ltr\">\u0130svi\u00e7re Federal Teknoloji Enstit\u00fcs\u00fc\u2019n\u00fcn 2011\u2019deki \u201cK\u00fcresel \u015firket kontrol a\u011f\u0131\u201dra\u011foruna g\u00f6re ,d\u00fcnyan\u0131n kontrol\u00fc 43060 uluslararas\u0131 \u015firketi ve k\u00fcresel ekonominin %40\u2019n\u0131 kontrol eden ve ger\u00e7ekte tek bir varl\u0131k olan 147 ulus\u00fcst\u00fc \u015firketin elinde.Bununda %75 i finans ve bankac\u0131l\u0131k.<\/p>&mdash; Ramazan Kurto\u011flu (@KurtogluKagan) <a href=\"https:\/\/twitter.com\/KurtogluKagan\/status\/1354885934030970880?ref_src=twsrc%5Etfw\">January 28, 2021<\/a><\/blockquote><script async src=\"https:\/\/platform.twitter.com\/widgets.js\" charset=\"utf-8\"><\/script>\n<\/div><\/figure>\n\n\n\n<p><\/p>\n\n\n\n<p><\/p>\n\n\n\n<p><\/p>\n\n\n\n<p><\/p>\n\n\n\n<figure class=\"wp-block-embed is-type-rich is-provider-twitter wp-block-embed-twitter\"><div class=\"wp-block-embed__wrapper\">\n<blockquote class=\"twitter-tweet\" data-width=\"550\" data-dnt=\"true\"><p lang=\"tr\" dir=\"ltr\">D\u00fcnyay\u0131 k\u00fcresel \u015firketler mi y\u00f6netiyor?<br>\u0130stanbul Ayd\u0131n \u00dcniversitesi \u00d6\u011fretim \u00dcyesi Dr. Ramazan Kurto\u011flu: &quot;Bilgi ekonomisine dayal\u0131 yeni bir d\u00fczen kurmak isteniyor.&quot; <a href=\"https:\/\/twitter.com\/buulkeninsesi?ref_src=twsrc%5Etfw\">@buulkeninsesi<\/a> <a href=\"https:\/\/twitter.com\/memuyi?ref_src=twsrc%5Etfw\">@memuyi<\/a> <a href=\"https:\/\/twitter.com\/KurtogluKagan?ref_src=twsrc%5Etfw\">@KurtogluKagan<\/a> <a href=\"https:\/\/t.co\/XNlHda2QhW\">pic.twitter.com\/XNlHda2QhW<\/a><\/p>&mdash; \u00dcLKE TV (@ulketv) <a href=\"https:\/\/twitter.com\/ulketv\/status\/1355247762384822272?ref_src=twsrc%5Etfw\">January 29, 2021<\/a><\/blockquote><script async src=\"https:\/\/platform.twitter.com\/widgets.js\" charset=\"utf-8\"><\/script>\n<\/div><\/figure>\n\n\n\n<p><\/p>\n\n\n\n<p><\/p>\n\n\n\n<p><\/p>\n\n\n\n<p><\/p>\n\n\n\n<p><\/p>\n\n\n\n<p><\/p>\n\n\n\n<p><\/p>\n\n\n\n<p class=\"has-drop-cap has-medium-font-size\">Peki ne demekti ulus \u00fcst\u00fc ?<\/p>\n\n\n\n<p>Yeni bir olgu mu yoksa zaten var olan ama g\u00f6zlerden ka\u00e7an bir ger\u00e7eklik mi?<\/p>\n\n\n\n<figure class=\"wp-block-embed is-type-rich is-provider-twitter wp-block-embed-twitter\"><div class=\"wp-block-embed__wrapper\">\n<blockquote class=\"twitter-tweet\" data-width=\"550\" data-dnt=\"true\"><p lang=\"tr\" dir=\"ltr\">ABD li akademisyen Neil Postman y\u0131llar \u00f6nce be\u015f teknopoli  \u015firketini analiz ederken\u201dABD d\u00fc\u015ft\u00fc,s\u0131ra b\u00fct\u00fcn d\u00fcnyada\u201ddiye yazm\u0131\u015ft\u0131.Sosyal medya devleri ulus\/milli devletleri  tehdit ediyor.T\u00fcrkiye milli bekas\u0131 a\u00e7\u0131s\u0131ndan bu meseleyi ivedilikle \u00e7\u00f6zmek mecburiyetinde.<\/p>&mdash; Ramazan Kurto\u011flu (@KurtogluKagan) <a href=\"https:\/\/twitter.com\/KurtogluKagan\/status\/1354448226322165762?ref_src=twsrc%5Etfw\">January 27, 2021<\/a><\/blockquote><script async src=\"https:\/\/platform.twitter.com\/widgets.js\" charset=\"utf-8\"><\/script>\n<\/div><\/figure>\n\n\n\n<p><\/p>\n\n\n\n<p><\/p>\n\n\n\n<p><\/p>\n\n\n\n<p><\/p>\n\n\n\n<p><\/p>\n\n\n\n<p class=\"has-drop-cap has-medium-font-size\">M5 Dergi dijital yay\u0131nlar Koordinat\u00f6r\u00fc Mete Sohtao\u011flu k\u00fcresel \u015firketlerin 2021 y\u0131l\u0131na damgas\u0131n\u0131 vuraca\u011f\u0131n\u0131n alt\u0131n\u0131 \u00e7izdi.<\/p>\n\n\n\n<p>Sohtao\u011flu \u015fu sat\u0131rlar\u0131 kaleme ald\u0131:<\/p>\n\n\n\n<p class=\"has-medium-font-size\">&#8220;&#8230;<strong>Gene bu konu ba\u011flam\u0131nda sosyal medyada Facebook, Twitter, Google gibi kurulu\u015flar\u0131n b\u00f6lgesel ve k\u00fcresel uygulad\u0131\u011f\u0131 politik tutum ve davran\u0131\u015flar tepki toplamakla birlikte h\u00fck\u00fcmetlerle, liderlerle bu kurulu\u015flar aras\u0131nda ciddi gerginlikler ya\u015fanacak ve yeni cezalar, para cezalar\u0131 uygulanacakt\u0131r.<\/strong><\/p>\n\n\n\n<p class=\"has-medium-font-size\"><strong>Bu kurulu\u015flara y\u00f6nelik d\u00fczenleme amac\u0131yla yeni yasalarda \u00e7\u0131kacakt\u0131r. Zira bu kurulu\u015flar\u0131n hepsi bu y\u0131l i\u00e7inde yay\u0131n yapt\u0131klar\u0131 \u00fclkeler \u00fczerinde siyasi dijital n\u00fcfuz alan\u0131 olu\u015fturmaya \u00e7al\u0131\u015fm\u0131\u015flard\u0131r.<\/strong><\/p>\n\n\n\n<p class=\"has-medium-font-size\"><strong>Gene bu mecralardan ba\u011f\u0131ms\u0131z olarak 2021 y\u0131l\u0131 yapay zeka teknolojisinin b\u00fcy\u00fck hamle yapaca\u011f\u0131 d\u00f6nem olacak. Bir\u00e7ok sekt\u00f6rde yapay zeka uygulamalar\u0131n\u0131n yayg\u0131nla\u015fmas\u0131 ile birlikte k\u00fcresel d\u00fczeyde baz\u0131 i\u015f kollar\u0131n\u0131n \u2018robotla\u015fmas\u0131\u2019 ile k\u00fcresel i\u015fsizlik beklenilmelidir&#8230;&#8221;<\/strong><\/p>\n\n\n\n<p><\/p>\n\n\n\n<p><\/p>\n\n\n\n<p><\/p>\n\n\n\n<p><\/p>\n\n\n\n<p><\/p>\n\n\n\n<figure class=\"wp-block-embed is-type-rich is-provider-twitter wp-block-embed-twitter\"><div class=\"wp-block-embed__wrapper\">\n<blockquote class=\"twitter-tweet\" data-width=\"550\" data-dnt=\"true\"><p lang=\"tr\" dir=\"ltr\">Yeni d\u00fcnya d\u00fczeninde T\u00fcrkiye.<br>M5 Dergisi Dijital Yay\u0131nlar Koordinat\u00f6r\u00fc Mete Sohtao\u011flu: &quot;NATO gibi itibar kaybeden kurulu\u015flar\u0131n elden ge\u00e7mesi gerekiyor.&quot; <a href=\"https:\/\/twitter.com\/metesohtaoglu?ref_src=twsrc%5Etfw\">@metesohtaoglu<\/a> <a href=\"https:\/\/twitter.com\/memuyi?ref_src=twsrc%5Etfw\">@memuyi<\/a> <a href=\"https:\/\/twitter.com\/buulkeninsesi?ref_src=twsrc%5Etfw\">@buulkeninsesi<\/a> <a href=\"https:\/\/t.co\/5YJYfyQs9V\">pic.twitter.com\/5YJYfyQs9V<\/a><\/p>&mdash; \u00dcLKE TV (@ulketv) <a href=\"https:\/\/twitter.com\/ulketv\/status\/1355255185560510470?ref_src=twsrc%5Etfw\">January 29, 2021<\/a><\/blockquote><script async src=\"https:\/\/platform.twitter.com\/widgets.js\" charset=\"utf-8\"><\/script>\n<\/div><\/figure>\n\n\n\n<p><\/p>\n\n\n\n<p><\/p>\n\n\n\n<p><\/p>\n\n\n\n<p><\/p>\n\n\n\n<p class=\"has-medium-font-size\">\u00d6te yandan Almanya Ba\u015fbakan\u0131 Angela Merkel, \u00fclkede pandeminin y\u00f6netiminin&nbsp; kontrolden \u00e7\u0131kt\u0131\u011f\u0131n\u0131 s\u00f6yledi.<br>Bild gazetesinin haberine g\u00f6re, Merkel, parti y\u00f6neticilerine,&nbsp; pandemi y\u00f6netiminin kontrolden \u00e7\u0131kt\u0131\u011f\u0131n\u0131 ve yeni bir dalgan\u0131n&nbsp; \u00f6nlenmesi i\u00e7in daha s\u0131k\u0131 tedbirlere ihtiya\u00e7 olaca\u011f\u0131n\u0131 belirtti.<\/p>\n\n\n\n<p class=\"has-medium-font-size\">Vir\u00fcs\u00fcn daha h\u0131zl\u0131 yay\u0131lan varyantlar\u0131 nedeniyle Almanya\u2019n\u0131n&nbsp; b\u0131\u00e7ak s\u0131rt\u0131 bir noktada oldu\u011funu s\u00f6yleyen Merkel, \u201cGelecek&nbsp; haftalarda durumun h\u0131zl\u0131 k\u00f6t\u00fcle\u015fmesi m\u00fcmk\u00fcn\u201d ifadelerini kulland\u0131.<\/p>\n\n\n\n<p class=\"has-medium-font-size\">Bu a\u00e7\u0131klamalar da yeni bir ekonomik d\u00fczenin olu\u015fmaya ba\u015flad\u0131\u011f\u0131 yorumlar\u0131na neden oldu <\/p>\n\n\n\n<p><\/p>\n\n\n\n<p>\u00d6zet olarak yeni d\u00fczende alt\u0131n, g\u00fcm\u00fc\u015f gibi emtialar\u0131n y\u00fckseli\u015fte olaca\u011f\u0131n\u0131,<\/p>\n\n\n\n<p>g\u0131da fiyatlar\u0131nda dramatik y\u00fckseli\u015fler olaca\u011f\u0131n\u0131,<\/p>\n\n\n\n<p>\u00fcretimin tekeller taraf\u0131ndan yap\u0131laca\u011f\u0131n\u0131 s\u00f6ylemek kehanet olmasa gerek.<\/p>\n\n\n\n<p><\/p>\n\n\n\n<p><\/p>\n\n\n\n<p><\/p>\n\n\n\n<p><\/p>\n\n\n\n<p><\/p>\n\n\n\n<figure class=\"wp-block-embed is-type-rich is-provider-twitter wp-block-embed-twitter\"><div class=\"wp-block-embed__wrapper\">\n<blockquote class=\"twitter-tweet\" data-width=\"550\" data-dnt=\"true\"><p lang=\"tr\" dir=\"ltr\">ABD, Rusya, \u00c7in&#8230; Yeni g\u00fc\u00e7l\u00fc kim olacak?<br>Cumhuriyet \u00dcniversitesi Kurumsal \u0130leti\u015fim Merkezi Dr. Sefer Dar\u0131c\u0131 anlat\u0131yor.<a href=\"https:\/\/twitter.com\/seferdarici?ref_src=twsrc%5Etfw\">@seferdarici<\/a> <a href=\"https:\/\/twitter.com\/buulkeninsesi?ref_src=twsrc%5Etfw\">@buulkeninsesi<\/a> <a href=\"https:\/\/twitter.com\/memuyi?ref_src=twsrc%5Etfw\">@memuyi<\/a> <a href=\"https:\/\/t.co\/KSUxXq8kgD\">pic.twitter.com\/KSUxXq8kgD<\/a><\/p>&mdash; \u00dcLKE TV (@ulketv) <a href=\"https:\/\/twitter.com\/ulketv\/status\/1355266509979979777?ref_src=twsrc%5Etfw\">January 29, 2021<\/a><\/blockquote><script async src=\"https:\/\/platform.twitter.com\/widgets.js\" charset=\"utf-8\"><\/script>\n<\/div><\/figure>\n","protected":false},"excerpt":{"rendered":"<p>D\u00fcnya, koronavir\u00fcs\u00fcn ortaya \u00e7\u0131kmas\u0131n\u0131n ard\u0131ndan yeni bir d\u00fczene ge\u00e7i\u015f yapacak m\u0131? Yeni d\u00fczen ya da yeni d\u00fcnya d\u00fczeni diye adland\u0131r\u0131lan \u015fey asl\u0131nda neyi ifade ediyor? Peki yeni d\u00fcnya d\u00fczeninin ekonomik alandaki \u015fifreleri neler? Yaz\u0131m\u0131zda bu ba\u015fl\u0131\u011fa verilecek sorular\u0131n yan\u0131tlar\u0131n\u0131 ele almaya \u00e7al\u0131\u015faca\u011f\u0131z. Daha teknolojik, daha h\u0131zl\u0131, daha pahal\u0131 bir al\u0131\u015f veri\u015f d\u00f6nemi ba\u015fl\u0131yor. \u0130nternetin g\u00fcvenli\u011fi &hellip;<\/p>\n","protected":false},"author":1,"featured_media":48,"comment_status":"open","ping_status":"open","sticky":false,"template":"","format":"standard","meta":[],"categories":[3],"tags":[],"_links":{"self":[{"href":"http:\/\/www.habertelgraf.com\/index.php?rest_route=\/wp\/v2\/posts\/578"}],"collection":[{"href":"http:\/\/www.habertelgraf.com\/index.php?rest_route=\/wp\/v2\/posts"}],"about":[{"href":"http:\/\/www.habertelgraf.com\/index.php?rest_route=\/wp\/v2\/types\/post"}],"author":[{"embeddable":true,"href":"http:\/\/www.habertelgraf.com\/index.php?rest_route=\/wp\/v2\/users\/1"}],"replies":[{"embeddable":true,"href":"http:\/\/www.habertelgraf.com\/index.php?rest_route=%2Fwp%2Fv2%2Fcomments&post=578"}],"version-history":[{"count":2,"href":"http:\/\/www.habertelgraf.com\/index.php?rest_route=\/wp\/v2\/posts\/578\/revisions"}],"predecessor-version":[{"id":581,"href":"http:\/\/www.habertelgraf.com\/index.php?rest_route=\/wp\/v2\/posts\/578\/revisions\/581"}],"wp:featuredmedia":[{"embeddable":true,"href":"http:\/\/www.habertelgraf.com\/index.php?rest_route=\/wp\/v2\/media\/48"}],"wp:attachment":[{"href":"http:\/\/www.habertelgraf.com\/index.php?rest_route=%2Fwp%2Fv2%2Fmedia&parent=578"}],"wp:term":[{"taxonomy":"category","embeddable":true,"href":"http:\/\/www.habertelgraf.com\/index.php?rest_route=%2Fwp%2Fv2%2Fcategories&post=578"},{"taxonomy":"post_tag","embeddable":true,"href":"http:\/\/www.habertelgraf.com\/index.php?rest_route=%2Fwp%2Fv2%2Ftags&post=578"}],"curies":[{"name":"wp","href":"https:\/\/api.w.org\/{rel}","templated":true}]}}