{"id":588,"date":"2021-07-31T16:25:29","date_gmt":"2021-07-31T13:25:29","guid":{"rendered":"http:\/\/www.habertelgraf.com\/?p=588"},"modified":"2021-07-31T16:27:15","modified_gmt":"2021-07-31T13:27:15","slug":"asiya-karsi-olanlar-ikna-edebildi-mi-arastirmasi","status":"publish","type":"post","link":"http:\/\/www.habertelgraf.com\/?p=588","title":{"rendered":"&#8216;A\u015f\u0131ya kar\u015f\u0131 olanlar ikna edebildi mi?&#8217; Ara\u015ft\u0131rmas\u0131"},"content":{"rendered":"\n<p><\/p>\n\n\n\n<p class=\"has-large-font-size\">T\u00fcrkiye\u00b4de &#8220;covid-19 a\u015f\u0131 alg\u0131s\u0131&#8221; ara\u015ft\u0131rmas\u0131 yap\u0131ld\u0131. Sonu\u00e7lara g\u00f6re, koronavir\u00fcse kar\u015f\u0131 tek silah\u0131m\u0131z olan a\u015f\u0131ya g\u00fcven artt\u0131.<\/p>\n\n\n\n<p><br><strong>T\u00fcrkiye\u00b4de Covid-19 a\u015f\u0131 alg\u0131s\u0131 ara\u015ft\u0131rmas\u0131 yap\u0131ld\u0131.<br>26 ilde cinsiyet, ya\u015f, e\u011fitim ve sosyo-ekonomik stat\u00fc gruplar\u0131 dikkate al\u0131narak yap\u0131lan ara\u015ft\u0131rmaya toplam bin 500 ki\u015fi kat\u0131ld\u0131.<br><\/strong><br><strong>Ara\u015ft\u0131rmaya g\u00f6re, vatanda\u015flar\u0131n y\u00fczde 51.2\u00b4si testi ge\u00e7en t\u00fcm a\u015f\u0131lar\u0131 g\u00fcvenli buluyor.<br>Ekim 2020\u00b4den bu yana Covid-19 a\u015f\u0131lar\u0131na g\u00fcven ise y\u00fczde 13.9 artt\u0131.<br><\/strong><br><strong>Ara\u015ft\u0131rmada T\u00fcrkiye\u00b4nin a\u015f\u0131 tedari\u011fini y\u00f6netmesine ili\u015fkin soru da y\u00f6neltildi.<br>Kat\u0131l\u0131mc\u0131lar\u0131n y\u00fczde 52.4\u00b4\u00fc ba\u015far\u0131l\u0131 dedi.<br><\/strong><br><strong>A\u015f\u0131n\u0131n salg\u0131n\u0131 bitirece\u011fine inan\u00e7 son 4 ayda %9 art\u0131\u015f g\u00f6sterdi.<br>Bu oran y\u00fczde 50,6&#8217;ya y\u00fckseldi.<br><\/strong><\/p>\n\n\n\n<p><strong>-Testleri ge\u00e7mi\u015f a\u015f\u0131lara g\u00fcven son 10 ayda %13,9 oran\u0131nda artt\u0131. (Temmuz 2021: %51,2)<\/strong><\/p>\n\n\n\n<p><strong>-T\u00fcrkiye&#8217;nin a\u015f\u0131 temin s\u00fcreci y\u00f6netimini ba\u015far\u0131l\u0131 bulanlar\u0131n oran\u0131 son 4 ayda %8,3 artarak %52,4&#8217;e ula\u015ft\u0131.<\/strong><\/p>\n\n\n\n<p><strong>-T\u00fcrkiye&#8217;nin a\u015f\u0131lama s\u00fcrecini do\u011fru y\u00f6netti\u011fine dair inan\u00e7 son 4 ayda %9 artarak %51,6 oldu.<\/strong><\/p>\n\n\n\n<p><strong>-A\u015f\u0131n\u0131n salg\u0131n\u0131 bitirece\u011fine inan\u00e7 son 4 ayda %9 art\u0131\u015f g\u00f6stererek %50,6 olarak ger\u00e7ekle\u015fti.<\/strong><\/p>\n\n\n\n<p><strong>-A\u015f\u0131 yapt\u0131rmayanlar\u0131n birinci gerek\u00e7esi &#8220;a\u015f\u0131lar\u0131 g\u00fcvenilir bulmamas\u0131&#8221; (%63,4).<\/strong><\/p>\n","protected":false},"excerpt":{"rendered":"<p>T\u00fcrkiye\u00b4de &#8220;covid-19 a\u015f\u0131 alg\u0131s\u0131&#8221; ara\u015ft\u0131rmas\u0131 yap\u0131ld\u0131. Sonu\u00e7lara g\u00f6re, koronavir\u00fcse kar\u015f\u0131 tek silah\u0131m\u0131z olan a\u015f\u0131ya g\u00fcven artt\u0131. T\u00fcrkiye\u00b4de Covid-19 a\u015f\u0131 alg\u0131s\u0131 ara\u015ft\u0131rmas\u0131 yap\u0131ld\u0131.26 ilde cinsiyet, ya\u015f, e\u011fitim ve sosyo-ekonomik stat\u00fc gruplar\u0131 dikkate al\u0131narak yap\u0131lan ara\u015ft\u0131rmaya toplam bin 500 ki\u015fi kat\u0131ld\u0131.Ara\u015ft\u0131rmaya g\u00f6re, vatanda\u015flar\u0131n y\u00fczde 51.2\u00b4si testi ge\u00e7en t\u00fcm a\u015f\u0131lar\u0131 g\u00fcvenli buluyor.Ekim 2020\u00b4den bu yana Covid-19 a\u015f\u0131lar\u0131na g\u00fcven &hellip;<\/p>\n","protected":false},"author":1,"featured_media":37,"comment_status":"open","ping_status":"open","sticky":false,"template":"","format":"standard","meta":[],"categories":[5],"tags":[],"_links":{"self":[{"href":"http:\/\/www.habertelgraf.com\/index.php?rest_route=\/wp\/v2\/posts\/588"}],"collection":[{"href":"http:\/\/www.habertelgraf.com\/index.php?rest_route=\/wp\/v2\/posts"}],"about":[{"href":"http:\/\/www.habertelgraf.com\/index.php?rest_route=\/wp\/v2\/types\/post"}],"author":[{"embeddable":true,"href":"http:\/\/www.habertelgraf.com\/index.php?rest_route=\/wp\/v2\/users\/1"}],"replies":[{"embeddable":true,"href":"http:\/\/www.habertelgraf.com\/index.php?rest_route=%2Fwp%2Fv2%2Fcomments&post=588"}],"version-history":[{"count":2,"href":"http:\/\/www.habertelgraf.com\/index.php?rest_route=\/wp\/v2\/posts\/588\/revisions"}],"predecessor-version":[{"id":590,"href":"http:\/\/www.habertelgraf.com\/index.php?rest_route=\/wp\/v2\/posts\/588\/revisions\/590"}],"wp:featuredmedia":[{"embeddable":true,"href":"http:\/\/www.habertelgraf.com\/index.php?rest_route=\/wp\/v2\/media\/37"}],"wp:attachment":[{"href":"http:\/\/www.habertelgraf.com\/index.php?rest_route=%2Fwp%2Fv2%2Fmedia&parent=588"}],"wp:term":[{"taxonomy":"category","embeddable":true,"href":"http:\/\/www.habertelgraf.com\/index.php?rest_route=%2Fwp%2Fv2%2Fcategories&post=588"},{"taxonomy":"post_tag","embeddable":true,"href":"http:\/\/www.habertelgraf.com\/index.php?rest_route=%2Fwp%2Fv2%2Ftags&post=588"}],"curies":[{"name":"wp","href":"https:\/\/api.w.org\/{rel}","templated":true}]}}