{"id":597,"date":"2021-12-03T14:27:47","date_gmt":"2021-12-03T11:27:47","guid":{"rendered":"http:\/\/www.habertelgraf.com\/?p=597"},"modified":"2021-12-03T14:49:39","modified_gmt":"2021-12-03T11:49:39","slug":"atak-helikopterine-20-mm-yerli-burun-topu","status":"publish","type":"post","link":"http:\/\/www.habertelgraf.com\/?p=597","title":{"rendered":"ATAK HEL\u0130KOPTER\u0130NE 20 MM YERL\u0130 BURUN TOPU"},"content":{"rendered":"\n<figure class=\"wp-block-embed is-type-rich is-provider-twitter wp-block-embed-twitter\"><div class=\"wp-block-embed__wrapper\">\n<blockquote class=\"twitter-tweet\" data-width=\"550\" data-dnt=\"true\"><p lang=\"tr\" dir=\"ltr\">20 mm. lik burun topu 2022\u2019de Atak&#39;a entegre edilecek. <a href=\"https:\/\/t.co\/4kyAHvrSxO\">pic.twitter.com\/4kyAHvrSxO<\/a><\/p>&mdash; habertelgraf (@habertelgraf1) <a href=\"https:\/\/twitter.com\/habertelgraf1\/status\/1466734738564173825?ref_src=twsrc%5Etfw\">December 3, 2021<\/a><\/blockquote><script async src=\"https:\/\/platform.twitter.com\/widgets.js\" charset=\"utf-8\"><\/script>\n<\/div><\/figure>\n\n\n\n<p class=\"has-drop-cap has-medium-font-size\">T\u00fcrkiye&#8217;nin yerli taarruz ve taktik ke\u015fif helikopteri Atak, milli imkanlarla geli\u015ftirilen burun topu ile art\u0131k daha g\u00fc\u00e7l\u00fc olacak. 20 milimetrelik 3 namlulu burun topu, 2022\u2019de Atak\u2019a entegre edilecek. Sanayi ve Teknoloji Bakan\u0131 Mustafa Varank, D\u00fczce\u2019de Sars\u0131lmaz Silah Fabrikas\u0131 ile TR Mekatronik Sistemler\u2019de incelemelerde bulundu.<\/p>\n\n\n\n<p class=\"has-drop-cap has-medium-font-size\">Atak\u2019ta kullan\u0131lacak burun topunun ilk at\u0131\u015flar\u0131na 2022\u2019de ba\u015flanaca\u011f\u0131n\u0131 kaydeden Bakan Varank, \u201cAtak helikopterlerine entegre edildikten sonra 2022 y\u0131l\u0131 i\u00e7erisinde Atak helikopterlerinin 20 milimetrelik burun toplar\u0131n\u0131 \u00fclkemizde \u00fcretmeyi ba\u015farm\u0131\u015f olaca\u011f\u0131z. Burada elde etti\u011fimiz teknoloji ile \u00e7ok daha farkl\u0131 kalibrelerde bu toplar\u0131 \u00fcretebilece\u011fiz.\u201d dedi.<\/p>\n\n\n\n<p class=\"has-drop-cap has-medium-font-size\">Bakan Varank, D\u00fczce 1. Organize Sanayi B\u00f6lgesi\u2019nde bulunan Avrupa\u2019n\u0131n en b\u00fcy\u00fck entegre silah \u00fcretim tesisi Sars\u0131lmaz Silah Fabrikas\u0131 ile ayn\u0131 yerle\u015fkedeki TR Mekatronik Sistemler\u2019i ziyaret etti. Sars\u0131lmaz Silah Sanayi Y\u00f6netim Kurulu Ba\u015fkan\u0131 Latif Aral Ali\u015f\u2019in ev sahipli\u011finde ger\u00e7ekle\u015fen ziyarette Bakan Varank\u2019a ziyaretinde D\u00fczce Valisi Cevdet Atay, AK Parti \u0130l Ba\u015fkan\u0131 Mustafa Keskin e\u015flik etti. Bakan Varank, sunumun ard\u0131ndan \u00fcretim tesisinde incelemelerde bulundu.<\/p>\n\n\n\n<p><\/p>\n\n\n\n<figure class=\"wp-block-embed is-type-video is-provider-youtube wp-block-embed-youtube wp-embed-aspect-16-9 wp-has-aspect-ratio\"><div class=\"wp-block-embed__wrapper\">\n<iframe loading=\"lazy\" title=\"ATAK HEL\u0130KOPTER\u0130NE 20 MM YERL\u0130 BURUN TOPU\" width=\"960\" height=\"540\" src=\"https:\/\/www.youtube.com\/embed\/pTDKX1QckrQ?feature=oembed\" frameborder=\"0\" allow=\"accelerometer; autoplay; clipboard-write; encrypted-media; gyroscope; picture-in-picture\" allowfullscreen><\/iframe>\n<\/div><\/figure>\n\n\n\n<p class=\"has-drop-cap has-medium-font-size\">Varank, Sars\u0131lmaz ziyaretinin ard\u0131ndan yapt\u0131\u011f\u0131 a\u00e7\u0131klamada \u015funlar\u0131 s\u00f6yledi:<\/p>\n\n\n\n<p class=\"has-drop-cap has-medium-font-size\">HER ALANDA GEL\u0130\u015eT\u0130: D\u00fczce\u2019de Sars\u0131lmaz Silah Fabrikas\u0131\u2019n\u0131 ziyaret ediyoruz. Sars\u0131lmaz Silah Fabrikas\u0131, askeri t\u00fcfeklerden tabancaya kadar Avrupa\u2019n\u0131n en b\u00fcy\u00fck entegre silah \u00fcretim tesisi. Buray\u0131 asl\u0131nda 4 sene kadar \u00f6nce de ziyaret etmi\u015ftim ama bug\u00fcn geldi\u011fimde hem makine parkuruyla hem \u00fcretimdeki otomasyonuyla hem de \u00fcr\u00fcn \u00e7e\u015fitlili\u011fiyle ne kadar geli\u015fti\u011fini g\u00f6rm\u00fc\u015f oldum.<\/p>\n\n\n\n<p class=\"has-drop-cap has-medium-font-size\">C\u0130DD\u0130 \u0130HRACATIMIZ VAR: Silah sanayisi, T\u00fcrkiye\u2019de \u00f6zellikle ihracat\u0131n da artmas\u0131yla birlikte d\u00fcnyada en \u00f6nde geldi\u011fimiz sekt\u00f6rlerin ba\u015f\u0131nda gelmeye ba\u015flad\u0131. Ciddi bir ihracat\u0131m\u0131z var. Avrupa piyasas\u0131n\u0131n yan\u0131nda \u00f6zellikle ABD\u2019ye \u015fu anda firmalar\u0131m\u0131z ciddi ihracat yap\u0131yorlar. Sars\u0131lmaz da gerek \u00fcretti\u011fi tabancalarla gerek arkamda g\u00f6rd\u00fc\u011f\u00fcn\u00fcz 5,56\u2019dan 7,62\u2019ye kadar piyade t\u00fcfe\u011fi \u00fcretimiyle bu sekt\u00f6r\u00fcn en \u00f6nemli oyuncular\u0131ndan bir tanesi.<\/p>\n\n\n\n<p class=\"has-drop-cap has-medium-font-size\">YERL\u0130 VE M\u0130LL\u0130 P\u0130YADE T\u00dcFE\u011e\u0130: Bildi\u011finiz gibi T\u00fcrkiye, kendi milli piyade t\u00fcfe\u011fini \u00fcretemeyen bir \u00fclkeden \u015fu anda tamamen yerli ve milli olarak kendi silah\u0131n\u0131 tasarlay\u0131p \u00fcretebilen ve bunu ihra\u00e7 edebilen bir \u00fclke konumuna geldi.<\/p>\n\n\n\n<p class=\"has-drop-cap has-medium-font-size\">\u00d6ZEL SEKT\u00d6R C\u0130DD\u0130 B\u0130R OYUNCU: Sekt\u00f6r\u00fcn ihtiya\u00e7lar\u0131n\u0131n yan\u0131nda g\u00fcvenlik kuvvetlerimizin daha y\u00fcksek kalibreli 12,7 ve \u00fczerindeki silahlar\u0131n\u0131 da firmalar\u0131m\u0131z \u015fu anda \u00fcretebiliyorlar. Tabii silah sanayisinin geli\u015fmesindeki en \u00f6nemli avantajlar\u0131m\u0131zdan bir tanesi bu alanda \u00f6zel sekt\u00f6r\u00fcn ciddi bir oyuncu olarak devreye girmesiyle ba\u015flad\u0131. \u00d6zel sekt\u00f6r\u00fcn dinamizmi, \u00f6zel sekt\u00f6r\u00fcn piyasada yer tutma azmi ve kendi imkanlar\u0131n\u0131 kullanarak s\u0131f\u0131rdan \u00fcr\u00fcn geli\u015ftirme kabiliyetleri T\u00fcrkiye\u2019nin g\u00fcc\u00fcn\u00fc artt\u0131rmaya devam ediyor.<\/p>\n\n\n\n<p class=\"has-drop-cap has-medium-font-size\">ADINDAN S\u00d6Z ETT\u0130RECEK: Ben bug\u00fcn g\u00f6rd\u00fcklerimden ger\u00e7ekten \u00e7ok memnun oldum. Sars\u0131lmaz gibi farkl\u0131 firmalar\u0131m\u0131z da sekt\u00f6rde ciddi oyuncular. Farkl\u0131 \u015fehirlerde farkl\u0131 k\u00fcmelenmelerle \u00fcretim yapan modellerimiz var. \u0130n\u015fallah T\u00fcrkiye, savunma sanayisinin di\u011fer alanlar\u0131nda oldu\u011fu gibi silah sanayisinde de \u00f6n\u00fcm\u00fczdeki d\u00f6nemde en fazla ad\u0131ndan s\u00f6z ettirecek \u00fclkelerden biri haline gelecek.<\/p>\n\n\n\n<p class=\"has-drop-cap has-medium-font-size\">Bakan Varank, Sars\u0131lmaz ile TUSA\u015e\u2019\u0131n ortak \u015firketi olan TR Mekatronik\u2019te yapt\u0131\u011f\u0131 incelemelerin sonras\u0131nda da \u015funlar\u0131 kaydetti:<\/p>\n\n\n\n<p class=\"has-drop-cap has-medium-font-size\">20 M\u0130L\u0130METREL\u0130K BURUN TOPU: Sars\u0131lmaz ziyaretimiz \u00e7er\u00e7evesinde TUSA\u015e ile Sars\u0131lmaz\u2019\u0131n ortak \u015firketi olan TR Mekatronik\u2019i de ziyaret ediyoruz. Bu firma, Atak helikopterlerinin burun topu dedi\u011fimiz 20 milimetrelik makineli t\u00fcfeklerini \u00fcretmek \u00fczere kurulmu\u015f bir firma. Bu toplar, y\u00fcksek hassasiyette ve ihracat k\u0131s\u0131t\u0131na tabi toplar. Yani bunlar\u0131 almak istedi\u011finizde dahi \u00fclkeler bu toplar\u0131 satm\u0131yorlar. \u0130\u015fte Sars\u0131lmaz ve TUSA\u015e bir birlikteli\u011fe gitti ve burun toplar\u0131n\u0131 yerli ve milli \u00fcretmek \u00fczere bir \u015firket kurdular.<\/p>\n\n\n\n<p class=\"has-drop-cap has-medium-font-size\">\u0130LK ATI\u015eLAR 2022\u2019DE: 2018\u2019den beri devam eden bir proje. Yan\u0131m\u0131zda bir prototip g\u00f6r\u00fcyoruz. \u0130n\u015fallah bu burun toplar\u0131n\u0131n ilk at\u0131\u015flar\u0131 2022 y\u0131l\u0131nda ba\u015flayacak ve Atak helikopterlerine entegre edildikten sonra 2022 y\u0131l\u0131 i\u00e7erisinde Atak helikopterlerinin 20 milimetrelik burun toplar\u0131n\u0131 \u00fclkemizde \u00fcretmeyi ba\u015farm\u0131\u015f olaca\u011f\u0131z.<\/p>\n\n\n\n<p class=\"has-drop-cap has-medium-font-size\">\u0130HRACAT POTANS\u0130YEL\u0130: Bu hem kendi ihtiya\u00e7lar\u0131m\u0131z\u0131 giderme anlam\u0131nda hem de ciddi bir ihracat potansiyeli var.&nbsp; Hem Atak helikopterleri ile birlikte hem de ayr\u0131 ihracat potansiyeli ta\u015f\u0131mas\u0131 a\u00e7\u0131s\u0131ndan \u00e7ok \u00f6nemli ve de\u011ferli bir proje. Ben bu projede \u00e7al\u0131\u015fan b\u00fct\u00fcn m\u00fchendis arkada\u015flar\u0131m\u0131 tebrik ediyorum. Ger\u00e7ekten T\u00fcrkiye\u2019nin en \u00f6nemli ihtiya\u00e7lar\u0131ndan birini burada kar\u015f\u0131l\u0131yorlar ama ayn\u0131 zamanda burada elde etti\u011fimiz teknoloji ile \u00e7ok daha farkl\u0131 kalibrelerde bu toplar\u0131 \u00fcretebilece\u011fiz. \u0130n\u015fallah T\u00fcrkiye\u2019ye de ciddi katk\u0131 sa\u011flayacak.<\/p>\n\n\n\n<p class=\"has-drop-cap has-medium-font-size\">DAHA KAL\u0130TEL\u0130S\u0130N\u0130 \u00dcRET\u0130YORUZ<\/p>\n\n\n\n<p class=\"has-drop-cap has-medium-font-size\">Sars\u0131lmaz Silah Sanayi Y\u00f6netim Kurulu Ba\u015fkan\u0131 Latif Aral Ali\u015f, Sars\u0131lmaz taraf\u0131ndan geli\u015ftirilen ve \u00fcretilen tabanca, askeri t\u00fcfek, makinal\u0131 t\u00fcfek ve m\u00fchimmatlar\u0131n hem T\u00fcrk ordusu hem de emniyet g\u00fc\u00e7leri taraf\u0131ndan kullan\u0131ld\u0131\u011f\u0131n\u0131 belirterek \u201cYak\u0131n bir zamana kadar \u00fclke olarak ithal etti\u011fimiz ve kar\u015f\u0131l\u0131\u011f\u0131nda y\u00fcz milyonlarca dolar d\u00f6viz \u00f6dedi\u011fimiz \u00fcr\u00fcnlerin daha da kalitelisini fabrikam\u0131zda \u00fcreterek hem param\u0131z\u0131n \u00fclkede kalmas\u0131n\u0131 hem de rekabet\u00e7i fiyatlarla temin edilmesini sa\u011fl\u0131yoruz. \u00dcstelik, bu silahlar\u0131 kullanan g\u00fcvenlik g\u00fc\u00e7lerimizden ald\u0131\u011f\u0131m\u0131z geri d\u00f6n\u00fc\u015fleri ve onlar\u0131n arazide duydu\u011fu ihtiya\u00e7lar\u0131 \u00fcr\u00fcnlerimize \u00e7ok h\u0131zl\u0131 bir \u015fekilde adapte etme yetene\u011fimiz sayesinde rakiplerimizden \u00e7ok ilerdeyiz\u201d dedi.<\/p>\n\n\n\n<p class=\"has-drop-cap has-medium-font-size\">T\u00dcRK M\u00dcHEND\u0130SLER\u0130N\u0130N \u00dcR\u00dcN\u00dc<\/p>\n\n\n\n<p class=\"has-drop-cap has-medium-font-size\">Atak helikopterinin silah ve toplar\u0131n\u0131 TRMekatronik olarak geli\u015ftirmeye ba\u015flad\u0131klar\u0131n\u0131 kaydeden Sars\u0131lmaz Y\u00f6netim Kurulu Ba\u015fkan\u0131 Ali\u015f, \u201c\u00d6n\u00fcm\u00fczdeki y\u0131l ihra\u00e7 edilecek Atak helikopterinin ilk 30 adet topunun teslimat\u0131n\u0131 yapaca\u011f\u0131z. Tamamen T\u00fcrk m\u00fchendislerinin \u00fcr\u00fcn\u00fc, yerli ve milli olarak \u00fcretilecek bu \u00fcr\u00fcn\u00fcm\u00fcz sayesinde silahl\u0131 kuvvetlerimizin ihtiyac\u0131na cevap vererek d\u0131\u015far\u0131ya d\u00f6viz \u00f6denmesinin \u00f6n\u00fcne ge\u00e7ece\u011fimiz gibi yapaca\u011f\u0131m\u0131z ihracatla da cari a\u00e7\u0131\u011f\u0131n kapanmas\u0131nda etkili bir rol oynayaca\u011f\u0131z.\u201d diye konu\u015ftu.<\/p>\n\n\n\n<p class=\"has-drop-cap has-medium-font-size\">DAK\u0130KADA 750 ATIM<\/p>\n\n\n\n<p class=\"has-drop-cap has-medium-font-size\">TR Mekatronik Genel M\u00fcd\u00fcrvekili Cengiz Tend\u00fcr\u00fcs, d\u00f6ner namlulu olan burun topunun dakikada 750 at\u0131m yapt\u0131\u011f\u0131n\u0131 ifade ederek \u201cTamamen yerli olanaklarla geli\u015ftirdi\u011fimiz top, herhangi bir ihracat lisans\u0131na tabi de\u011fildir. Prototip \u00fcretimlerimiz devam etmekte. Ocak\u2019ta at\u0131\u015f testlerine ba\u015flayaca\u011f\u0131z. Nisan ay\u0131nda helikopter entegrasyonunu, Temmuz\u2019da da helikopter \u00fczerinde at\u0131\u015f testlerini planlamaktay\u0131z.\u201d dedi.<\/p>\n\n\n\n<p class=\"has-drop-cap has-medium-font-size\">Tend\u00fcr\u00fcs, yakla\u015f\u0131k 250 T\u00fcrk m\u00fchendisle geli\u015ftirilen \u00e7ok namlulu topun yurt d\u0131\u015f\u0131na ba\u011f\u0131ml\u0131 herhangi bir par\u00e7as\u0131 olmad\u0131\u011f\u0131n\u0131n da alt\u0131n\u0131 \u00e7izdi.<\/p>\n\n\n\n<p class=\"has-drop-cap has-medium-font-size\">330 \u00dcR\u00dcN\u00dc 81 \u00dcLKEYE \u0130HRA\u00c7 ED\u0130YOR<\/p>\n\n\n\n<p class=\"has-drop-cap has-medium-font-size\">Sars\u0131lmaz, tamam\u0131 T\u00fcrk m\u00fchendisler taraf\u0131ndan geli\u015ftirilen, yerli ve milli imk\u00e2nlarla \u00fcretilen 330\u2019dan fazla \u00fcr\u00fcn \u00e7e\u015fidiyle 81 \u00fclkeye ihracat ger\u00e7ekle\u015ftiriyor. Ba\u015fta T\u00fcrk Silahl\u0131 Kuvvetleri ve emniyet g\u00fc\u00e7leri olmak \u00fczere 23 \u00fclkenin kolluk kuvvetleri taraf\u0131ndan kullan\u0131lan Sars\u0131lmaz silahlar\u0131, devlet onayl\u0131 ilk Ar-Ge merkezine sahip olan, D\u00fczce\u2019deki 65 bin metrekarelik fabrikada tasarlan\u0131p geli\u015ftiriliyor. Sars\u0131lmaz, y\u00fczde 10\u2019u m\u00fchendis olmak \u00fczere 2 binden fazla ki\u015fiye istihdam sa\u011fl\u0131yor. Sars\u0131lmaz\u2019\u0131n Ar-Ge ve \u00dcr-Ge \u00e7al\u0131\u015fmalar\u0131 sonucu 42 marka tescili, 12 \u00f6zg\u00fcn tasar\u0131m, 13 patent ve 9 faydal\u0131 modeli bulunuyor.<\/p>\n\n\n\n<p class=\"has-drop-cap has-medium-font-size\">KAL\u0130F\u0130KASYON TESTLER\u0130 BA\u015eLAYACAK<\/p>\n\n\n\n<p class=\"has-drop-cap has-medium-font-size\">TR Mekatronik, Sars\u0131lmaz-TUSA\u015e ortakl\u0131\u011f\u0131 ile Atak helikopterinin \u00f6n\u00fcndeki 20 milimetrelik d\u00f6ner namlulu silah sistemi \u00fcretmek i\u00e7in kuruldu. Silah sistemleri, Sars\u0131lmaz\u2019\u0131n in\u015fa etti\u011fi, T\u00fcrkiye\u2019nin yer alt\u0131ndaki top at\u0131\u015flar\u0131n\u0131n da yap\u0131labilece\u011fi tek 200 metrelik poligonun tamamlanmas\u0131n\u0131n ard\u0131ndan kalifikasyon testleri ba\u015flayacak.<\/p>\n","protected":false},"excerpt":{"rendered":"<p>T\u00fcrkiye&#8217;nin yerli taarruz ve taktik ke\u015fif helikopteri Atak, milli imkanlarla geli\u015ftirilen burun topu ile art\u0131k daha g\u00fc\u00e7l\u00fc olacak. 20 milimetrelik 3 namlulu burun topu, 2022\u2019de Atak\u2019a entegre edilecek. Sanayi ve Teknoloji Bakan\u0131 Mustafa Varank, D\u00fczce\u2019de Sars\u0131lmaz Silah Fabrikas\u0131 ile TR Mekatronik Sistemler\u2019de incelemelerde bulundu. Atak\u2019ta kullan\u0131lacak burun topunun ilk at\u0131\u015flar\u0131na 2022\u2019de ba\u015flanaca\u011f\u0131n\u0131 kaydeden Bakan Varank, &hellip;<\/p>\n","protected":false},"author":1,"featured_media":0,"comment_status":"open","ping_status":"closed","sticky":false,"template":"","format":"standard","meta":[],"categories":[2],"tags":[],"_links":{"self":[{"href":"http:\/\/www.habertelgraf.com\/index.php?rest_route=\/wp\/v2\/posts\/597"}],"collection":[{"href":"http:\/\/www.habertelgraf.com\/index.php?rest_route=\/wp\/v2\/posts"}],"about":[{"href":"http:\/\/www.habertelgraf.com\/index.php?rest_route=\/wp\/v2\/types\/post"}],"author":[{"embeddable":true,"href":"http:\/\/www.habertelgraf.com\/index.php?rest_route=\/wp\/v2\/users\/1"}],"replies":[{"embeddable":true,"href":"http:\/\/www.habertelgraf.com\/index.php?rest_route=%2Fwp%2Fv2%2Fcomments&post=597"}],"version-history":[{"count":2,"href":"http:\/\/www.habertelgraf.com\/index.php?rest_route=\/wp\/v2\/posts\/597\/revisions"}],"predecessor-version":[{"id":600,"href":"http:\/\/www.habertelgraf.com\/index.php?rest_route=\/wp\/v2\/posts\/597\/revisions\/600"}],"wp:attachment":[{"href":"http:\/\/www.habertelgraf.com\/index.php?rest_route=%2Fwp%2Fv2%2Fmedia&parent=597"}],"wp:term":[{"taxonomy":"category","embeddable":true,"href":"http:\/\/www.habertelgraf.com\/index.php?rest_route=%2Fwp%2Fv2%2Fcategories&post=597"},{"taxonomy":"post_tag","embeddable":true,"href":"http:\/\/www.habertelgraf.com\/index.php?rest_route=%2Fwp%2Fv2%2Ftags&post=597"}],"curies":[{"name":"wp","href":"https:\/\/api.w.org\/{rel}","templated":true}]}}