{"id":614,"date":"2022-02-17T13:40:37","date_gmt":"2022-02-17T10:40:37","guid":{"rendered":"http:\/\/www.habertelgraf.com\/?p=614"},"modified":"2022-02-17T13:40:38","modified_gmt":"2022-02-17T10:40:38","slug":"turkiyeden-afganistana-ilac-yardimi","status":"publish","type":"post","link":"http:\/\/www.habertelgraf.com\/?p=614","title":{"rendered":"T\u00fcrkiye\u2019den Afganistan\u2019a ila\u00e7 yard\u0131m\u0131"},"content":{"rendered":"\n<p><\/p>\n\n\n\n<p><strong>\u0130HH \u0130nsan Yard\u0131m Vakf\u0131, Afganistan\u2019a 4 TIR ila\u00e7 yard\u0131m\u0131nda bulundu. \u0130la\u00e7lar, Kabil, Herat, Mezar\u0131 \u015eerif ve Kandahar \u015fehirlerindeki ila\u00e7 s\u0131k\u0131nt\u0131s\u0131 ya\u015fanan hastanelerde da\u011f\u0131t\u0131lacak.<\/strong><\/p>\n\n\n\n<p>Seneler s\u00fcren i\u015fgallerin ve \u00e7at\u0131\u015fmalar\u0131n b\u00fcy\u00fck y\u0131k\u0131mlara neden oldu\u011fu Afganistan\u2019da halk, zor \u015fartlar alt\u0131nda hayatlar\u0131na devam ediyor. 13 milyona yak\u0131n insan\u0131n acil yard\u0131ma ihtiya\u00e7 duydu\u011fu \u00fclkede, hastanelerde de ila\u00e7 s\u0131k\u0131nt\u0131s\u0131 ya\u015fan\u0131yor.<\/p>\n\n\n\n<p><strong>4 \u015fehirde hastanelere antibiyotik da\u011f\u0131t\u0131lacak<\/strong><\/p>\n\n\n\n<figure class=\"wp-block-embed is-type-rich is-provider-twitter wp-block-embed-twitter\"><div class=\"wp-block-embed__wrapper\">\n<blockquote class=\"twitter-tweet\" data-width=\"550\" data-dnt=\"true\"><p lang=\"tr\" dir=\"ltr\">T\u00fcrkiye\u2019den Afganistan\u2019a ila\u00e7 yard\u0131m\u0131 <a href=\"https:\/\/t.co\/WHHoz7sdwS\">pic.twitter.com\/WHHoz7sdwS<\/a><\/p>&mdash; habertelgraf (@habertelgraf1) <a href=\"https:\/\/twitter.com\/habertelgraf1\/status\/1494260289524703239?ref_src=twsrc%5Etfw\">February 17, 2022<\/a><\/blockquote><script async src=\"https:\/\/platform.twitter.com\/widgets.js\" charset=\"utf-8\"><\/script>\n<\/div><\/figure>\n\n\n\n<figure class=\"wp-block-embed\"><div class=\"wp-block-embed__wrapper\">\nhttps:\/\/www.instagram.com\/p\/CaE0WIjqvDk\/\n<\/div><\/figure>\n\n\n\n<p>Afganistan\u2019da 25 y\u0131ld\u0131r insani yard\u0131m \u00e7al\u0131\u015fmalar\u0131 ger\u00e7ekle\u015ftiren \u0130HH \u0130nsan Yard\u0131m Vakf\u0131, \u00fclkedeki faaliyetlerine devam ediyor. \u0130HH\u2019n\u0131n acil insani yard\u0131m \u00e7al\u0131\u015fmalar\u0131 kapsam\u0131nda son olarak, Kabil, Herat, Mezar\u0131 \u015eerif ve Kandahar \u015fehirlerindeki hastanelere ula\u015ft\u0131r\u0131lmak \u00fczere 4 TIR antibiyotik ila\u00e7 T\u00fcrkiye\u2019den yola \u00e7\u0131kt\u0131. TIR\u2019lar\u0131n 10 ile 12 g\u00fcn i\u00e7erisinde Afganistan\u2019a ula\u015fmas\u0131 bekleniyor.<\/p>\n\n\n\n<p><strong>\u0130HH Afganistan\u2019da 3 bin 443 yetimi destekliyor<\/strong><\/p>\n\n\n\n<p>Afganistan\u2019a y\u00f6nelik &#8220;Yaln\u0131z b\u0131rakma&#8221;&nbsp; slogan\u0131yla yard\u0131m \u00e7al\u0131\u015fmas\u0131 ba\u015flatan \u0130HH, 2021 y\u0131l\u0131 i\u00e7erisinde \u00fclkeye 100 ton bu\u011fday tohumu ve 10,14 ton g\u0131da deste\u011finde bulundu. Afganistan co\u011frafyas\u0131 g\u00f6z \u00f6n\u00fcnde bulundurularak tercih edilen; RE\u0130S, BAYRAKTAR 2000, ES26 ve S\u00d6NMEZ 2021 isimli 4 farkl\u0131 tohum \u00e7e\u015fidi, \u00f6zelliklerine g\u00f6re farkl\u0131 fiziki \u015fartlara sahip arazilere ekildi. G\u0131da yard\u0131mlar\u0131ndan ise, en \u00fccra k\u00f6ylerde ya\u015fayan yetim aileleri ile engelli Afganlar\u0131n yan\u0131 s\u0131ra m\u00fclteci kamplar\u0131 ve hastanelerde kalan ki\u015filer istifade etti. \u0130HH, \u015fu anda Afganistan\u2019da 3 bin 443 yetimi d\u00fczenli olarak destekliyor.<\/p>\n\n\n\n<p><strong>Destek olmak i\u00e7in<\/strong><\/p>\n\n\n\n<p>\u0130HH\u2019n\u0131n Afganistan\u2019daki yard\u0131m \u00e7al\u0131\u015fmalar\u0131na destek olmak isteyen hay\u0131rseverler, AFGAN\u0130STAN yaz\u0131p 3072\u2019ye SMS g\u00f6ndererek 10 TL yard\u0131mda bulunabiliyor. Daha fazla ba\u011f\u0131\u015f yapmak isteyenler ise, \u0130HH\u2019n\u0131n internet sitesi \u00fczerinden ya da banka hesaplar\u0131na a\u00e7\u0131klama k\u0131sm\u0131na \u201cAFGAN\u0130STAN\u201d yazarak destek olabiliyor.<\/p>\n","protected":false},"excerpt":{"rendered":"<p>\u0130HH \u0130nsan Yard\u0131m Vakf\u0131, Afganistan\u2019a 4 TIR ila\u00e7 yard\u0131m\u0131nda bulundu. \u0130la\u00e7lar, Kabil, Herat, Mezar\u0131 \u015eerif ve Kandahar \u015fehirlerindeki ila\u00e7 s\u0131k\u0131nt\u0131s\u0131 ya\u015fanan hastanelerde da\u011f\u0131t\u0131lacak. Seneler s\u00fcren i\u015fgallerin ve \u00e7at\u0131\u015fmalar\u0131n b\u00fcy\u00fck y\u0131k\u0131mlara neden oldu\u011fu Afganistan\u2019da halk, zor \u015fartlar alt\u0131nda hayatlar\u0131na devam ediyor. 13 milyona yak\u0131n insan\u0131n acil yard\u0131ma ihtiya\u00e7 duydu\u011fu \u00fclkede, hastanelerde de ila\u00e7 s\u0131k\u0131nt\u0131s\u0131 ya\u015fan\u0131yor. 4 &hellip;<\/p>\n","protected":false},"author":1,"featured_media":0,"comment_status":"open","ping_status":"closed","sticky":false,"template":"","format":"standard","meta":[],"categories":[1],"tags":[],"_links":{"self":[{"href":"http:\/\/www.habertelgraf.com\/index.php?rest_route=\/wp\/v2\/posts\/614"}],"collection":[{"href":"http:\/\/www.habertelgraf.com\/index.php?rest_route=\/wp\/v2\/posts"}],"about":[{"href":"http:\/\/www.habertelgraf.com\/index.php?rest_route=\/wp\/v2\/types\/post"}],"author":[{"embeddable":true,"href":"http:\/\/www.habertelgraf.com\/index.php?rest_route=\/wp\/v2\/users\/1"}],"replies":[{"embeddable":true,"href":"http:\/\/www.habertelgraf.com\/index.php?rest_route=%2Fwp%2Fv2%2Fcomments&post=614"}],"version-history":[{"count":1,"href":"http:\/\/www.habertelgraf.com\/index.php?rest_route=\/wp\/v2\/posts\/614\/revisions"}],"predecessor-version":[{"id":615,"href":"http:\/\/www.habertelgraf.com\/index.php?rest_route=\/wp\/v2\/posts\/614\/revisions\/615"}],"wp:attachment":[{"href":"http:\/\/www.habertelgraf.com\/index.php?rest_route=%2Fwp%2Fv2%2Fmedia&parent=614"}],"wp:term":[{"taxonomy":"category","embeddable":true,"href":"http:\/\/www.habertelgraf.com\/index.php?rest_route=%2Fwp%2Fv2%2Fcategories&post=614"},{"taxonomy":"post_tag","embeddable":true,"href":"http:\/\/www.habertelgraf.com\/index.php?rest_route=%2Fwp%2Fv2%2Ftags&post=614"}],"curies":[{"name":"wp","href":"https:\/\/api.w.org\/{rel}","templated":true}]}}