{"id":621,"date":"2022-08-05T14:51:11","date_gmt":"2022-08-05T11:51:11","guid":{"rendered":"http:\/\/www.habertelgraf.com\/?p=621"},"modified":"2022-08-05T15:20:45","modified_gmt":"2022-08-05T12:20:45","slug":"kabenin-yonetimi","status":"publish","type":"post","link":"http:\/\/www.habertelgraf.com\/?p=621","title":{"rendered":"K\u00c2BE\u2019N\u0130N Y\u00d6NET\u0130M\u0130"},"content":{"rendered":"\n<p><\/p>\n\n\n\n<p>Bismillahirrahmanirrahim<\/p>\n\n\n\n<p>Rabbimizin verdi\u011fi sonsuz nimetlere hamd-u senalar olsun. \u0130ki cihan g\u00fcne\u015fi Resullulah Hz. Muhammed Mustafa (S.A.V.) e ve onun ashab\u0131na selam ve h\u00fcrmetler olsun. (1)<\/p>\n\n\n\n<p><strong>K\u00e2be\u2019nin ilk kez ne zaman ve kimin taraf\u0131ndan in\u015fa edildi\u011fine dair<\/strong> ihtilaflar bulunsa da Y\u00fcce Kur\u2019\u00e2n-\u0131 Ker\u00eem\u2019de yer ald\u0131\u011f\u0131 \u015fekliyle<\/p>\n\n\n\n<ul><li><strong>\u201c\u015e\u00fcphesiz \u00e2lemlere bereket ve hidayet kayna\u011f\u0131 olarak insanlar i\u00e7in kurulan ilk ev -m\u00e2bed- Mekke\u2019deki -K\u00e2be-\u2019dir (2)<\/strong><\/li><\/ul>\n\n\n\n<ul><li><strong>\u201cBiz beyti insanlara toplanma mahalli ve g\u00fcvenli bir yer k\u0131ld\u0131k. Siz de \u0130br\u00e2him\u2019in makam\u0131n\u0131 namaz yeri edinin. (3)<\/strong><\/li><\/ul>\n\n\n\n<p>ayetlerinden ulema, K\u00e2be\u2019nin Hz. \u0130br\u00e2him\u2019den \u00f6nce de var oldu\u011fu, ancak y\u0131k\u0131l\u0131p uzun zaman i\u00e7inde yerinin kayboldu\u011fu ve \u0130br\u00e2him taraf\u0131ndan bulunarak yeniden yap\u0131ld\u0131\u011f\u0131 sonucunu \u00e7\u0131karm\u0131\u015ft\u0131r.<\/p>\n\n\n\n<p>Fakat Hz. \u0130br\u00e2him\u2019den \u00f6nce kimin taraf\u0131ndan in\u015fa edildi\u011fi hususunda Kur\u2019an\u2019da herhangi bir bilgi yoktur. (4)<\/p>\n\n\n\n<p class=\"has-medium-font-size\">K\u00e2be\u2019nin kutsiyeti; in\u015fa edildi\u011fi tarihten g\u00fcn\u00fcm\u00fcze kadar -m\u00fc\u015frikler d\u00f6nemi dahil- ittifak ile kabullenilmi\u015ftir.<\/p>\n\n\n\n<p>Bu kutsal mek\u00e2n\u0131n \u00e7evresi ve ziyaret i\u00e7in gelen hac\u0131lar\u0131n y\u00f6netimi ve onlara y\u00f6nelik hizmetler ise insanlar aras\u0131nda bir <strong>onur ve itibar kayna\u011f\u0131<\/strong> olmu\u015ftur.<\/p>\n\n\n\n<p>Arap toplumu ve di\u011fer M\u00fcsl\u00fcman toplumlarda hac\u0131lara hizmet, su ihtiyac\u0131n\u0131n kar\u015f\u0131lanmas\u0131, konaklama, Mescid-i Haram\u2019\u0131n temizli\u011fi, bak\u0131m\u0131 vb. konular adeta bir hizmet yar\u0131\u015f\u0131 \u015feklinde s\u00fcregelmi\u015ftir.<\/p>\n\n\n\n<p>Peygamber Efendimiz (S.A.V.) ve ondan \u00f6nceki d\u00f6nemlerde bile Mescid-i Haram\u2019\u0131n temiz tutulmas\u0131, hac\u0131lar\u0131n doyurulmas\u0131, zemzem suyunun idaresi gibi konular hep bir y\u00f6netimsel olgudur. (<strong>Bkz. H\u0131lful F\u0131dl, S\u0131k\u00e2ye<\/strong>)<\/p>\n\n\n\n<p>Bu y\u00f6netim organizasyonunun sahiplenilmesi de yine bir onur ve itibar vesilesidir.<\/p>\n\n\n\n<p>Ancak kutsal mekanlar\u0131n y\u00f6netimi zaman zaman yanl\u0131\u015f uygulamalara da sahne olmu\u015ftur.<\/p>\n\n\n\n<p><strong>Mekke\u2019li m\u00fc\u015frikler d\u00f6neminde kutsal mekanlar\u0131 y\u00f6netmeyi, K\u00e2be\u2019nin sahibi olmakla kar\u0131\u015ft\u0131rm\u0131\u015f olacaklar ki hac\u0131lar\u0131n tavaf\u0131na, geli\u015f gidi\u015flerine dahi kar\u0131\u015farak kendi yanl\u0131\u015f uygulamalar\u0131n\u0131 dikte ettikleri g\u00f6r\u00fclm\u00fc\u015ft\u00fcr.<\/strong><\/p>\n\n\n\n<p>\u00d6rne\u011fin C\u00e2hiliye devrinde K\u00e2be\u2019yi ziyaret etmek isteyenler i\u00e7in belli y\u00fck\u00fcml\u00fcl\u00fck ve k\u0131s\u0131tlamalar mevcuttu.<\/p>\n\n\n\n<p><strong>Mekkeliler elbiseleriyle, hac i\u00e7in d\u0131\u015fardan gelenlerse tavaf\u0131 g\u00fcnah i\u015fledikleri elbiseleriyle yapmak istemediklerinden e\u011fer birinin elbisesini \u00f6d\u00fcn\u00e7 veya para ile alamazlarsa ya da K\u00e2be\u2019yi ziyaret i\u00e7in \u00f6zel olarak diktirdi\u011fi yeni bir elbisesi yoksa \u00e7\u0131plak tavaf etmek zorundayd\u0131. Ayr\u0131ca d\u0131\u015fardan gelenlerin Harem s\u0131n\u0131rlar\u0131 i\u00e7ine yiyecek ve kurbanl\u0131k sokmas\u0131 yasakt\u0131.<\/strong><\/p>\n\n\n\n<p>Bu yanl\u0131\u015f uygulamalar\u0131n Hz. Peygamber (S.A.V.) taraf\u0131ndan kald\u0131r\u0131ld\u0131\u011f\u0131 bilinmektedir. (5)<\/p>\n\n\n\n<p>Ayr\u0131ca A\u2018r\u00e2f suresi 7\/28 \u00e2yetlerin K\u00e2be\u2019yi \u00e7\u0131plak tavaf edenlerle ilgili oldu\u011fu belirtilmektedir.<\/p>\n\n\n\n<p><strong>Kutsal mekanlar\u0131n y\u00f6netiminde zirve noktas\u0131 ise ceddimiz Osmanl\u0131 olmu\u015ftur.<\/strong><\/p>\n\n\n\n<p>Hac\u0131lara hizmete ayr\u0131 bir de\u011fer veren Osmanl\u0131 Devleti Hicaz\u2019\u0131n g\u00fcvenli\u011finden, zemzem suyunun taksimine, Mescid-i Haram\u2019\u0131n temizli\u011fi ve bak\u0131m\u0131ndan ibadetin rahat ve s\u0131hhatli yap\u0131lmas\u0131na kadar bir\u00e7ok detayla yak\u0131ndan ilgilenmi\u015ftir.<\/p>\n\n\n\n<p><strong>Surre alaylar\u0131yla kutsal topraklara maddi olarak yard\u0131m g\u00f6nderenler unutulmam\u0131\u015f. Hac yolculu\u011fu bir \u015f\u00f6lene d\u00f6n\u00fc\u015ft\u00fcr\u00fclm\u00fc\u015ft\u00fcr.<\/strong><\/p>\n\n\n\n<p>Halen hacca gidi\u015f geli\u015flerde uygulanan gelenekler g\u00fcn\u00fcm\u00fcze kadar gelen hizmet heyecan\u0131n\u0131 yans\u0131tmaktad\u0131r.<\/p>\n\n\n\n<p>Hac\u0131lar\u0131n g\u00fcvenli seyahat yapmalar\u0131 i\u00e7in Hicaz demiryolu projesinden tutun da bak\u0131r kaplar i\u00e7inde zemzem suyu da\u011f\u0131t\u0131m\u0131 ve bu s\u0131rada yerel k\u00fclt\u00fcr\u00fcn de desteklenmesine kadar bir\u00e7ok g\u00fczellik Osmanl\u0131 devri eserleri aras\u0131ndad\u0131r.<\/p>\n\n\n\n<p><strong>Kutsal topraklara hizmeti; Sultan Yavuz\u2019a atfedilen \u201cHaremeyn\u2019in hakimi\u201d ifadesini reddederek \u201cHaremeyn\u2019in hadimi (hizmetkar\u0131)\u201d \u015fiar\u0131yla y\u00fcr\u00fcten ceddimiz bug\u00fcnlere miras kalan bir anlay\u0131\u015f\u0131n da temellerini atm\u0131\u015ft\u0131r.<\/strong><\/p>\n\n\n\n<p>G\u00fcn\u00fcm\u00fczde ise Haremeyn (Mescid-i Haram ile Mescid-i Nebevi) y\u00f6netimi teknik baz\u0131 aksakl\u0131klar ya\u015famakta.<\/p>\n\n\n\n<ul><li><strong><em>Hac\u0131 adaylar\u0131, hakim devletin inan\u0131\u015f\u0131na uygun hareket etmeye zorlanmakta.<\/em><\/strong><\/li><li><strong><em>Namazdan duaya kadar bir\u00e7ok alanda tek inan\u0131\u015f tek uygulama y\u00f6ntemi benimsenmekte.<\/em><\/strong><\/li><li><strong><em>Haremeyn\u2019deki ilim halkalar\u0131nda farkl\u0131 mezheplerin ders okutmas\u0131 yasak.<\/em><\/strong><\/li><li><strong><em>Mescid-i Nebevi\u2019de avluda olsan\u0131z bile ye\u015fil kubbe y\u00f6n\u00fcne d\u00f6n\u00fcp Hz. Peygamber i\u00e7in Allah\u2019a dua etmek yasak.<\/em><\/strong><\/li><li><strong><em>Cennet\u00fcl Baki, Cennet\u00fcl Mualla gibi sahabe kabirlerinin bulundu\u011fu mezarl\u0131klara giri\u015f k\u0131s\u0131tl\u0131.<\/em><\/strong><\/li><li><strong><em>Salt ibadet i\u00e7in katedilen yol \u00e7ok uzun. Bir tavaf i\u00e7in ibadet haricinde bir tavaftaki yol kadar daha y\u00fcr\u00fcmek gerekiyor.<\/em><\/strong><\/li><li><strong><em>Giri\u015f \u00e7\u0131k\u0131\u015flar belirsiz. Plastik ayra\u00e7larla insanlar koyun s\u00fcr\u00fcs\u00fc gibi y\u00f6nlendiriliyor.<\/em><\/strong><\/li><li><strong><em>Kalabal\u0131\u011f\u0131n sevk ve idaresinde zaman zaman gerginlikler ya\u015fanmakta.<\/em><\/strong><\/li><li><strong><em>Otel kalitesi, yemek kalitesi, toplu ta\u015f\u0131ma ara\u00e7lar\u0131n\u0131n kalitesi gibi konfor gerektiren konular\u0131 listeye eklemeye bile gerek yok. (<\/em><\/strong><em>Liste uzar ama uzatmaya da gerek yok<strong>)<\/strong><\/em><\/li><\/ul>\n\n\n\n<p><strong>Peki, ne yapmal\u0131?<\/strong><\/p>\n\n\n\n<ul><li><strong>Y\u0131lda ortalama 5 milyon ki\u015finin bir araya geldi\u011fi bu devasa organizasyon sadece Suudi Arabistan\u2019\u0131n s\u0131rt\u0131na b\u0131rak\u0131lmamal\u0131.<\/strong><\/li><li><strong>\u0130slam \u00fclkeleri bir yap\u0131 olu\u015fturup Suudi Arabistan\u2019\u0131n bu b\u00fcy\u00fck y\u00fck\u00fcn\u00fc payla\u015fabilir.<\/strong><\/li><li><strong>Ayr\u0131ca hac\u0131lara hizmet etme onuru ve itibar\u0131n\u0131 di\u011fer devletlerin de payla\u015fmas\u0131 \u0130slam aleminin yak\u0131nla\u015fmas\u0131na da yol a\u00e7abilir.<\/strong><\/li><li><strong>Hac organizasyonu noktas\u0131nda bu i\u015fi y\u00fczy\u0131llarca \u00e7ok iyi g\u00f6t\u00fcren Osmanl\u0131 Devletinin devam\u0131 T\u00fcrkiye Cumhuriyeti\u2019nin de s\u00f6yleyebilece\u011fi s\u00f6zleri olabilir.<\/strong><\/li><li><strong>T\u00fcm \u00f6n yarg\u0131lardan uzakla\u015f\u0131larak \u0130slam \u00fclkelerinin hac organizasyonu konusunda ortak hareket etmeleri Kaf Da\u011f\u0131n\u0131n arkas\u0131nda kalacak kadar uzak olmamal\u0131.<\/strong><\/li><li><\/li><li>(1)Eski bir gelene\u011fi ya\u015fatmak ve oradaki feyzden yararlanmak ad\u0131na uleman\u0131n yolundan giderek yaz\u0131m\u0131za Allah\u2019a hamd ile ba\u015flad\u0131k.<\/li><li><strong>(2) (\u00c2l-i \u0130mr\u00e2n 3\/96);<\/strong><\/li><li><strong>(3) Bakara 2);<\/strong><\/li><li>(4) TDV ansiklopedisi Kabe maddesi<\/li><li>(5) Buh\u00e2r\u00ee, \u201c\u1e24ac\u201d, 67, 91<\/li><li><strong>Foto\u011fraf: Engin Uzun<\/strong><\/li><\/ul>\n","protected":false},"excerpt":{"rendered":"<p>Bismillahirrahmanirrahim Rabbimizin verdi\u011fi sonsuz nimetlere hamd-u senalar olsun. \u0130ki cihan g\u00fcne\u015fi Resullulah Hz. Muhammed Mustafa (S.A.V.) e ve onun ashab\u0131na selam ve h\u00fcrmetler olsun. (1) K\u00e2be\u2019nin ilk kez ne zaman ve kimin taraf\u0131ndan in\u015fa edildi\u011fine dair ihtilaflar bulunsa da Y\u00fcce Kur\u2019\u00e2n-\u0131 Ker\u00eem\u2019de yer ald\u0131\u011f\u0131 \u015fekliyle \u201c\u015e\u00fcphesiz \u00e2lemlere bereket ve hidayet kayna\u011f\u0131 olarak insanlar i\u00e7in kurulan &hellip;<\/p>\n","protected":false},"author":3,"featured_media":619,"comment_status":"open","ping_status":"closed","sticky":false,"template":"","format":"standard","meta":[],"categories":[6],"tags":[],"_links":{"self":[{"href":"http:\/\/www.habertelgraf.com\/index.php?rest_route=\/wp\/v2\/posts\/621"}],"collection":[{"href":"http:\/\/www.habertelgraf.com\/index.php?rest_route=\/wp\/v2\/posts"}],"about":[{"href":"http:\/\/www.habertelgraf.com\/index.php?rest_route=\/wp\/v2\/types\/post"}],"author":[{"embeddable":true,"href":"http:\/\/www.habertelgraf.com\/index.php?rest_route=\/wp\/v2\/users\/3"}],"replies":[{"embeddable":true,"href":"http:\/\/www.habertelgraf.com\/index.php?rest_route=%2Fwp%2Fv2%2Fcomments&post=621"}],"version-history":[{"count":3,"href":"http:\/\/www.habertelgraf.com\/index.php?rest_route=\/wp\/v2\/posts\/621\/revisions"}],"predecessor-version":[{"id":626,"href":"http:\/\/www.habertelgraf.com\/index.php?rest_route=\/wp\/v2\/posts\/621\/revisions\/626"}],"wp:featuredmedia":[{"embeddable":true,"href":"http:\/\/www.habertelgraf.com\/index.php?rest_route=\/wp\/v2\/media\/619"}],"wp:attachment":[{"href":"http:\/\/www.habertelgraf.com\/index.php?rest_route=%2Fwp%2Fv2%2Fmedia&parent=621"}],"wp:term":[{"taxonomy":"category","embeddable":true,"href":"http:\/\/www.habertelgraf.com\/index.php?rest_route=%2Fwp%2Fv2%2Fcategories&post=621"},{"taxonomy":"post_tag","embeddable":true,"href":"http:\/\/www.habertelgraf.com\/index.php?rest_route=%2Fwp%2Fv2%2Ftags&post=621"}],"curies":[{"name":"wp","href":"https:\/\/api.w.org\/{rel}","templated":true}]}}