{"id":627,"date":"2022-08-08T15:19:22","date_gmt":"2022-08-08T12:19:22","guid":{"rendered":"http:\/\/www.habertelgraf.com\/?p=627"},"modified":"2022-08-08T15:19:23","modified_gmt":"2022-08-08T12:19:23","slug":"80ler-ile-2000leri-en-iyi-anlatan-video","status":"publish","type":"post","link":"http:\/\/www.habertelgraf.com\/?p=627","title":{"rendered":"80&#8217;ler ile 2000&#8217;leri en iyi anlatan video"},"content":{"rendered":"\n<p><\/p>\n\n\n\n<p class=\"has-cyan-bluish-gray-background-color has-background has-large-font-size\">Ku\u015fak \u00e7at\u0131\u015fmas\u0131n\u0131 en iyi anlatan g\u00f6r\u00fcnt\u00fclerden birini anlatan video sosyal medyada izlenme rekorlar\u0131 k\u0131rd\u0131. <\/p>\n\n\n\n<p class=\"has-medium-font-size\">2000 sonras\u0131 do\u011fanlar ile nispeten daha ya\u015fl\u0131(!) olanlar aras\u0131ndaki ku\u015fak \u00e7at\u0131\u015fmas\u0131 hep konu\u015fulagelmi\u015ftir.<\/p>\n\n\n\n<p class=\"has-medium-font-size\">Sosyal medyada iki gencin kar\u015f\u0131dan kar\u015f\u0131ya ge\u00e7meye \u00e7al\u0131\u015ft\u0131\u011f\u0131 video bu konuyu en iyi anlatan g\u00f6r\u00fcnt\u00fclerden biri oldu.<\/p>\n\n\n\n<p>\u0130\u015fte o video:<\/p>\n\n\n\n<p><\/p>\n\n\n\n<figure class=\"wp-block-embed is-type-rich is-provider-twitter wp-block-embed-twitter\"><div class=\"wp-block-embed__wrapper\">\n<blockquote class=\"twitter-tweet\" data-width=\"550\" data-dnt=\"true\"><p lang=\"es\" dir=\"ltr\">Los nacidos despu\u00e9s del 2000 vs uno de 1980. \ud83d\ude01 <a href=\"https:\/\/t.co\/yDIgsgevQZ\">pic.twitter.com\/yDIgsgevQZ<\/a><\/p>&mdash; Rosbr (@Rosmarbr) <a href=\"https:\/\/twitter.com\/Rosmarbr\/status\/1555719475399458816?ref_src=twsrc%5Etfw\">August 6, 2022<\/a><\/blockquote><script async src=\"https:\/\/platform.twitter.com\/widgets.js\" charset=\"utf-8\"><\/script>\n<\/div><\/figure>\n","protected":false},"excerpt":{"rendered":"<p>Ku\u015fak \u00e7at\u0131\u015fmas\u0131n\u0131 en iyi anlatan g\u00f6r\u00fcnt\u00fclerden birini anlatan video sosyal medyada izlenme rekorlar\u0131 k\u0131rd\u0131. 2000 sonras\u0131 do\u011fanlar ile nispeten daha ya\u015fl\u0131(!) olanlar aras\u0131ndaki ku\u015fak \u00e7at\u0131\u015fmas\u0131 hep konu\u015fulagelmi\u015ftir. Sosyal medyada iki gencin kar\u015f\u0131dan kar\u015f\u0131ya ge\u00e7meye \u00e7al\u0131\u015ft\u0131\u011f\u0131 video bu konuyu en iyi anlatan g\u00f6r\u00fcnt\u00fclerden biri oldu. \u0130\u015fte o video:<\/p>\n","protected":false},"author":1,"featured_media":35,"comment_status":"open","ping_status":"closed","sticky":false,"template":"","format":"standard","meta":[],"categories":[5],"tags":[],"_links":{"self":[{"href":"http:\/\/www.habertelgraf.com\/index.php?rest_route=\/wp\/v2\/posts\/627"}],"collection":[{"href":"http:\/\/www.habertelgraf.com\/index.php?rest_route=\/wp\/v2\/posts"}],"about":[{"href":"http:\/\/www.habertelgraf.com\/index.php?rest_route=\/wp\/v2\/types\/post"}],"author":[{"embeddable":true,"href":"http:\/\/www.habertelgraf.com\/index.php?rest_route=\/wp\/v2\/users\/1"}],"replies":[{"embeddable":true,"href":"http:\/\/www.habertelgraf.com\/index.php?rest_route=%2Fwp%2Fv2%2Fcomments&post=627"}],"version-history":[{"count":1,"href":"http:\/\/www.habertelgraf.com\/index.php?rest_route=\/wp\/v2\/posts\/627\/revisions"}],"predecessor-version":[{"id":628,"href":"http:\/\/www.habertelgraf.com\/index.php?rest_route=\/wp\/v2\/posts\/627\/revisions\/628"}],"wp:featuredmedia":[{"embeddable":true,"href":"http:\/\/www.habertelgraf.com\/index.php?rest_route=\/wp\/v2\/media\/35"}],"wp:attachment":[{"href":"http:\/\/www.habertelgraf.com\/index.php?rest_route=%2Fwp%2Fv2%2Fmedia&parent=627"}],"wp:term":[{"taxonomy":"category","embeddable":true,"href":"http:\/\/www.habertelgraf.com\/index.php?rest_route=%2Fwp%2Fv2%2Fcategories&post=627"},{"taxonomy":"post_tag","embeddable":true,"href":"http:\/\/www.habertelgraf.com\/index.php?rest_route=%2Fwp%2Fv2%2Ftags&post=627"}],"curies":[{"name":"wp","href":"https:\/\/api.w.org\/{rel}","templated":true}]}}