{"id":633,"date":"2022-12-26T16:15:58","date_gmt":"2022-12-26T13:15:58","guid":{"rendered":"http:\/\/www.habertelgraf.com\/?p=633"},"modified":"2022-12-26T17:21:09","modified_gmt":"2022-12-26T14:21:09","slug":"hac-ve-umre-acentalari-temsilcilerini-secti","status":"publish","type":"post","link":"http:\/\/www.habertelgraf.com\/?p=633","title":{"rendered":"HAC VE UMRE ACENTALARI TEMS\u0130LC\u0130LER\u0130N\u0130 SE\u00c7T\u0130"},"content":{"rendered":"\n<p><br>Hac ve Umre organizasyonu yapan seyahat acentalar\u0131, kendilerini Bakanl\u0131klararas\u0131 Hac ve Umre Kurulu\u2019nda temsil edecek olan temsilcilerini se\u00e7mek \u00fczere sand\u0131k ba\u015f\u0131na gitti. <\/p>\n\n\n\n<p>Hac ve Umreyle ilgili t\u00fcm kararlar\u0131 almaya yetkili olan kurul, Diyanet \u0130\u015fleri Ba\u015fkan\u0131&#8217;n\u0131n ba\u015fkanl\u0131\u011f\u0131nda, Ticaret, \u0130\u00e7i\u015fleri, Hazine ve Maliye, K\u00fclt\u00fcr ve Turizm, Sa\u011fl\u0131k, Ula\u015ft\u0131rma ve Altyap\u0131, D\u0131\u015fi\u015fleri bakan yard\u0131mc\u0131lar\u0131yla, T\u00fcrkiye Seyahat Acentalar\u0131 Birli\u011fi temsilcisinden olu\u015fuyor. Daha \u00f6nceki y\u0131llarda Seyahat Acentalar\u0131 Birli\u011fi temsilcisi, birlik ba\u015fkan\u0131 taraf\u0131ndan atan\u0131yordu.<br>Se\u00e7ime tek listeyle kat\u0131lan Hac Umre Seyahat Acentalar\u0131 Derne\u011fi (HURSAD) Ba\u015fkan\u0131 Diyaeddin \u015eAH\u0130N ge\u00e7erli oylar\u0131n tamam\u0131n\u0131 alarak Seyahat Acentalar\u0131 temsilcisi oldu. <\/p>\n\n\n\n<p>Konuyla ilgili konu\u015fan \u015eahin \u2018<strong>Seyahat acentalar\u0131n\u0131n 20 y\u0131ll\u0131k hayali ger\u00e7ek oldu. Kendi i\u015fimizle ilgili \u00e7ok \u00f6nemli kararlar\u0131n al\u0131nd\u0131\u011f\u0131 b\u00f6ylesine \u00f6nemli bir kurulda, bizleri temsil edecek ki\u015fiyi se\u00e7mek, tabiri yerindeyse kendi kaderimizi kendimiz belirlemek uzun s\u00fcredir ger\u00e7ekle\u015ftirmeyi istedi\u011fimiz bir \u015feydi. 11 Kas\u0131m Tarihli Resmi Gazetede yay\u0131nlanan, Cumhurba\u015fkan\u0131 karar\u0131yla bir hayalimiz daha ger\u00e7ek oldu.<\/strong>\u2019 dedi.<\/p>\n\n\n\n<p><br>223 Hac ve Umre acentas\u0131n\u0131n oy kullanma hakk\u0131 oldu\u011funun alt\u0131n\u0131 \u00e7izen Diyaeddin \u015eAH\u0130N, se\u00e7ime kat\u0131l\u0131m\u0131n y\u00fcksekli\u011fine dikkat \u00e7ekti. <\/p>\n\n\n\n<p>Umre organizasyonun en yo\u011fun oldu\u011fu bir d\u00f6nemde olmalar\u0131na, \u00fclkenin bir k\u0131sm\u0131n\u0131n k\u00f6t\u00fc hava \u015fartlar\u0131n\u0131n etkisinde olmas\u0131na ra\u011fmen %72 gibi bir kat\u0131l\u0131mla bu se\u00e7imi ger\u00e7ekle\u015ftirmenin mutlulu\u011funu ya\u015fad\u0131klar\u0131n\u0131 ifade eden \u015eahin, \u2018<strong>T\u00fcm zorluklara ra\u011fmen, gerek Suudi Arabistan\u2019daki i\u015flerini yar\u0131da b\u0131rakarak ve gerekse T\u00fcrkiye\u2019nin d\u00f6rt bir yan\u0131ndan hastal\u0131k, uzun yol ve k\u00f6t\u00fc hava \u015fartlar\u0131 demeden ko\u015farak oy kullanmaya gelen ve ekmeklerine sahip \u00e7\u0131kan t\u00fcm meslekta\u015flar\u0131ma \u00e7ok te\u015fekk\u00fcr ediyorum. Bu vesile ile tekrardan, Say\u0131n Cumhurba\u015fkan\u0131m\u0131za, Say\u0131n K\u00fclt\u00fcr ve Turizm Bakan\u0131m Mehmet ERSOY&#8217;a, Bakan Yard\u0131mc\u0131m\u0131z Say\u0131n Nadir ALPASLAN beyefendilere destek ve g\u00fcvenlerinden dolay\u0131 \u015f\u00fckranlar\u0131m\u0131 arz ediyorum<\/strong>.\u2019 dedi.<\/p>\n\n\n\n<p>159 ge\u00e7erli oyun kullan\u0131ld\u0131\u011f\u0131 se\u00e7im sonucunda, Diyaeddin \u015eAH\u0130N asil temsilci, Mehmet Uzuner ve Bilal \u015eenel de yedek temsilci olarak se\u00e7ildi.<\/p>\n","protected":false},"excerpt":{"rendered":"<p>Hac ve Umre organizasyonu yapan seyahat acentalar\u0131, kendilerini Bakanl\u0131klararas\u0131 Hac ve Umre Kurulu\u2019nda temsil edecek olan temsilcilerini se\u00e7mek \u00fczere sand\u0131k ba\u015f\u0131na gitti. Hac ve Umreyle ilgili t\u00fcm kararlar\u0131 almaya yetkili olan kurul, Diyanet \u0130\u015fleri Ba\u015fkan\u0131&#8217;n\u0131n ba\u015fkanl\u0131\u011f\u0131nda, Ticaret, \u0130\u00e7i\u015fleri, Hazine ve Maliye, K\u00fclt\u00fcr ve Turizm, Sa\u011fl\u0131k, Ula\u015ft\u0131rma ve Altyap\u0131, D\u0131\u015fi\u015fleri bakan yard\u0131mc\u0131lar\u0131yla, T\u00fcrkiye Seyahat Acentalar\u0131 Birli\u011fi &hellip;<\/p>\n","protected":false},"author":1,"featured_media":0,"comment_status":"open","ping_status":"closed","sticky":false,"template":"","format":"standard","meta":[],"categories":[3],"tags":[],"_links":{"self":[{"href":"http:\/\/www.habertelgraf.com\/index.php?rest_route=\/wp\/v2\/posts\/633"}],"collection":[{"href":"http:\/\/www.habertelgraf.com\/index.php?rest_route=\/wp\/v2\/posts"}],"about":[{"href":"http:\/\/www.habertelgraf.com\/index.php?rest_route=\/wp\/v2\/types\/post"}],"author":[{"embeddable":true,"href":"http:\/\/www.habertelgraf.com\/index.php?rest_route=\/wp\/v2\/users\/1"}],"replies":[{"embeddable":true,"href":"http:\/\/www.habertelgraf.com\/index.php?rest_route=%2Fwp%2Fv2%2Fcomments&post=633"}],"version-history":[{"count":1,"href":"http:\/\/www.habertelgraf.com\/index.php?rest_route=\/wp\/v2\/posts\/633\/revisions"}],"predecessor-version":[{"id":634,"href":"http:\/\/www.habertelgraf.com\/index.php?rest_route=\/wp\/v2\/posts\/633\/revisions\/634"}],"wp:attachment":[{"href":"http:\/\/www.habertelgraf.com\/index.php?rest_route=%2Fwp%2Fv2%2Fmedia&parent=633"}],"wp:term":[{"taxonomy":"category","embeddable":true,"href":"http:\/\/www.habertelgraf.com\/index.php?rest_route=%2Fwp%2Fv2%2Fcategories&post=633"},{"taxonomy":"post_tag","embeddable":true,"href":"http:\/\/www.habertelgraf.com\/index.php?rest_route=%2Fwp%2Fv2%2Ftags&post=633"}],"curies":[{"name":"wp","href":"https:\/\/api.w.org\/{rel}","templated":true}]}}