{"id":79,"date":"2020-09-08T17:55:23","date_gmt":"2020-09-08T14:55:23","guid":{"rendered":"http:\/\/www.habertelgraf.com\/?p=79"},"modified":"2020-09-08T17:58:29","modified_gmt":"2020-09-08T14:58:29","slug":"fahrettin-altundan-yunanistana-tepki","status":"publish","type":"post","link":"http:\/\/www.habertelgraf.com\/?p=79","title":{"rendered":"Fahrettin Altun&#8217;dan Yunanistan&#8217;a tepki"},"content":{"rendered":"\n<figure class=\"wp-block-embed-twitter wp-block-embed is-type-rich is-provider-twitter\"><div class=\"wp-block-embed__wrapper\">\n<blockquote class=\"twitter-tweet\" data-width=\"550\" data-dnt=\"true\"><p lang=\"tr\" dir=\"ltr\">Bu \u00e7a\u011f d\u0131\u015f\u0131 yakla\u015f\u0131m\u0131 \u015fiddetle k\u0131n\u0131yoruz. T\u00fcrkiye Cumhuriyeti Devleti\u2019nin g\u00fcvencesiyle muhabirlerimiz g\u00f6revlerini yapmaya devam edecektir. Buna hi\u00e7bir fa\u015fist unsur engel olamaz. <a href=\"https:\/\/t.co\/C7ui5lAk38\">https:\/\/t.co\/C7ui5lAk38<\/a><\/p>&mdash; Fahrettin Altun (@fahrettinaltun) <a href=\"https:\/\/twitter.com\/fahrettinaltun\/status\/1303340187125264384?ref_src=twsrc%5Etfw\">September 8, 2020<\/a><\/blockquote><script async src=\"https:\/\/platform.twitter.com\/widgets.js\" charset=\"utf-8\"><\/script>\n<\/div><\/figure>\n\n\n\n<p>\u0130leti\u015fim Ba\u015fkan\u0131 Fahrettin Altun gazetecilere y\u00f6nelik muamelesi nedeniyle Yunanistan&#8217;a sert tepki g\u00f6sterdi<\/p>\n","protected":false},"excerpt":{"rendered":"<p>\u0130leti\u015fim Ba\u015fkan\u0131 Fahrettin Altun gazetecilere y\u00f6nelik muamelesi nedeniyle Yunanistan&#8217;a sert tepki g\u00f6sterdi<\/p>\n","protected":false},"author":1,"featured_media":40,"comment_status":"open","ping_status":"open","sticky":false,"template":"","format":"standard","meta":[],"categories":[1],"tags":[],"_links":{"self":[{"href":"http:\/\/www.habertelgraf.com\/index.php?rest_route=\/wp\/v2\/posts\/79"}],"collection":[{"href":"http:\/\/www.habertelgraf.com\/index.php?rest_route=\/wp\/v2\/posts"}],"about":[{"href":"http:\/\/www.habertelgraf.com\/index.php?rest_route=\/wp\/v2\/types\/post"}],"author":[{"embeddable":true,"href":"http:\/\/www.habertelgraf.com\/index.php?rest_route=\/wp\/v2\/users\/1"}],"replies":[{"embeddable":true,"href":"http:\/\/www.habertelgraf.com\/index.php?rest_route=%2Fwp%2Fv2%2Fcomments&post=79"}],"version-history":[{"count":2,"href":"http:\/\/www.habertelgraf.com\/index.php?rest_route=\/wp\/v2\/posts\/79\/revisions"}],"predecessor-version":[{"id":81,"href":"http:\/\/www.habertelgraf.com\/index.php?rest_route=\/wp\/v2\/posts\/79\/revisions\/81"}],"wp:featuredmedia":[{"embeddable":true,"href":"http:\/\/www.habertelgraf.com\/index.php?rest_route=\/wp\/v2\/media\/40"}],"wp:attachment":[{"href":"http:\/\/www.habertelgraf.com\/index.php?rest_route=%2Fwp%2Fv2%2Fmedia&parent=79"}],"wp:term":[{"taxonomy":"category","embeddable":true,"href":"http:\/\/www.habertelgraf.com\/index.php?rest_route=%2Fwp%2Fv2%2Fcategories&post=79"},{"taxonomy":"post_tag","embeddable":true,"href":"http:\/\/www.habertelgraf.com\/index.php?rest_route=%2Fwp%2Fv2%2Ftags&post=79"}],"curies":[{"name":"wp","href":"https:\/\/api.w.org\/{rel}","templated":true}]}}