{"id":91,"date":"2020-09-09T13:48:43","date_gmt":"2020-09-09T10:48:43","guid":{"rendered":"http:\/\/www.habertelgraf.com\/?p=91"},"modified":"2020-09-09T13:49:34","modified_gmt":"2020-09-09T10:49:34","slug":"ayasofya-hakkinda-yalan-haberlere-aciklama","status":"publish","type":"post","link":"http:\/\/www.habertelgraf.com\/?p=91","title":{"rendered":"Ayasofya hakk\u0131nda yalan haberlere a\u00e7\u0131klama"},"content":{"rendered":"\n<figure class=\"wp-block-embed-twitter wp-block-embed is-type-rich is-provider-twitter\"><div class=\"wp-block-embed__wrapper\">\n<blockquote class=\"twitter-tweet\" data-width=\"550\" data-dnt=\"true\"><p lang=\"tr\" dir=\"ltr\">Baz\u0131 bas\u0131n yay\u0131n organlar\u0131nda yer alan \u201cAyasofya Camii\u2019nin stat\u00fcs\u00fc ile ilgili olarak Dan\u0131\u015ftay 10. Dairesince verilen iptal karar\u0131n\u0131n Cumhurba\u015fkanl\u0131\u011f\u0131 taraf\u0131ndan temyiz edildi\u011fi\u201d y\u00f6n\u00fcndeki haberler kesinlikle ger\u00e7e\u011fi yans\u0131tmamaktad\u0131r.<a href=\"https:\/\/t.co\/68G2QMXxQ2\">https:\/\/t.co\/68G2QMXxQ2<\/a><\/p>&mdash; T.C. \u0130leti\u015fim Ba\u015fkanl\u0131\u011f\u0131 (@iletisim) <a href=\"https:\/\/twitter.com\/iletisim\/status\/1303634808644546563?ref_src=twsrc%5Etfw\">September 9, 2020<\/a><\/blockquote><script async src=\"https:\/\/platform.twitter.com\/widgets.js\" charset=\"utf-8\"><\/script>\n<\/div><\/figure>\n","protected":false},"excerpt":{"rendered":"","protected":false},"author":1,"featured_media":0,"comment_status":"open","ping_status":"open","sticky":false,"template":"","format":"standard","meta":[],"categories":[1],"tags":[],"_links":{"self":[{"href":"http:\/\/www.habertelgraf.com\/index.php?rest_route=\/wp\/v2\/posts\/91"}],"collection":[{"href":"http:\/\/www.habertelgraf.com\/index.php?rest_route=\/wp\/v2\/posts"}],"about":[{"href":"http:\/\/www.habertelgraf.com\/index.php?rest_route=\/wp\/v2\/types\/post"}],"author":[{"embeddable":true,"href":"http:\/\/www.habertelgraf.com\/index.php?rest_route=\/wp\/v2\/users\/1"}],"replies":[{"embeddable":true,"href":"http:\/\/www.habertelgraf.com\/index.php?rest_route=%2Fwp%2Fv2%2Fcomments&post=91"}],"version-history":[{"count":1,"href":"http:\/\/www.habertelgraf.com\/index.php?rest_route=\/wp\/v2\/posts\/91\/revisions"}],"predecessor-version":[{"id":92,"href":"http:\/\/www.habertelgraf.com\/index.php?rest_route=\/wp\/v2\/posts\/91\/revisions\/92"}],"wp:attachment":[{"href":"http:\/\/www.habertelgraf.com\/index.php?rest_route=%2Fwp%2Fv2%2Fmedia&parent=91"}],"wp:term":[{"taxonomy":"category","embeddable":true,"href":"http:\/\/www.habertelgraf.com\/index.php?rest_route=%2Fwp%2Fv2%2Fcategories&post=91"},{"taxonomy":"post_tag","embeddable":true,"href":"http:\/\/www.habertelgraf.com\/index.php?rest_route=%2Fwp%2Fv2%2Ftags&post=91"}],"curies":[{"name":"wp","href":"https:\/\/api.w.org\/{rel}","templated":true}]}}