{"id":96,"date":"2020-09-09T18:00:35","date_gmt":"2020-09-09T15:00:35","guid":{"rendered":"http:\/\/www.habertelgraf.com\/?p=96"},"modified":"2020-09-09T18:05:46","modified_gmt":"2020-09-09T15:05:46","slug":"metrobus-duraginda-yogunluk","status":"publish","type":"post","link":"http:\/\/www.habertelgraf.com\/?p=96","title":{"rendered":"Metrob\u00fcs dura\u011f\u0131nda yo\u011funluk"},"content":{"rendered":"\n<p>Art\u0131k metrob\u00fcs ve otob\u00fcslerin bir d\u00fczenlemeyle de\u011fi\u015fmesi zaman\u0131 geldi.<\/p>\n\n\n\n<figure class=\"wp-block-embed-twitter wp-block-embed is-type-rich is-provider-twitter\"><div class=\"wp-block-embed__wrapper\">\n<blockquote class=\"twitter-tweet\" data-width=\"550\" data-dnt=\"true\"><p lang=\"tr\" dir=\"ltr\">Saat 18.50, Mustafa Kemal Pa\u015fa dura\u011f\u0131 metrob\u00fcs&#8230; B\u00f6yle olmaz! Toplu ta\u015f\u0131madaki a\u015f\u0131r\u0131 doluluklarla ilgili \u00e7\u00f6z\u00fcm y\u00f6ntemleri \u00f6zellikle \u0130BB taraf\u0131ndan ortaya konulmal\u0131. <a href=\"https:\/\/t.co\/MCJ9sr71fL\">pic.twitter.com\/MCJ9sr71fL<\/a><\/p>&mdash; M\u00fccahit Birinci (@birincimucahit) <a href=\"https:\/\/twitter.com\/birincimucahit\/status\/1302276393368268801?ref_src=twsrc%5Etfw\">September 5, 2020<\/a><\/blockquote><script async src=\"https:\/\/platform.twitter.com\/widgets.js\" charset=\"utf-8\"><\/script>\n<\/div><\/figure>\n\n\n\n<p><\/p>\n\n\n\n<p>Vatanda\u015ftan belediyeye \u00e7a\u011fr\u0131. Seferler arts\u0131n!<\/p>\n\n\n\n<p>Belediye bu hayk\u0131r\u0131\u015fa kulak t\u0131kamaya devam etmemeli.<\/p>\n","protected":false},"excerpt":{"rendered":"<p>Art\u0131k metrob\u00fcs ve otob\u00fcslerin bir d\u00fczenlemeyle de\u011fi\u015fmesi zaman\u0131 geldi. Vatanda\u015ftan belediyeye \u00e7a\u011fr\u0131. Seferler arts\u0131n! Belediye bu hayk\u0131r\u0131\u015fa kulak t\u0131kamaya devam etmemeli.<\/p>\n","protected":false},"author":1,"featured_media":35,"comment_status":"open","ping_status":"open","sticky":false,"template":"","format":"standard","meta":[],"categories":[5],"tags":[],"_links":{"self":[{"href":"http:\/\/www.habertelgraf.com\/index.php?rest_route=\/wp\/v2\/posts\/96"}],"collection":[{"href":"http:\/\/www.habertelgraf.com\/index.php?rest_route=\/wp\/v2\/posts"}],"about":[{"href":"http:\/\/www.habertelgraf.com\/index.php?rest_route=\/wp\/v2\/types\/post"}],"author":[{"embeddable":true,"href":"http:\/\/www.habertelgraf.com\/index.php?rest_route=\/wp\/v2\/users\/1"}],"replies":[{"embeddable":true,"href":"http:\/\/www.habertelgraf.com\/index.php?rest_route=%2Fwp%2Fv2%2Fcomments&post=96"}],"version-history":[{"count":1,"href":"http:\/\/www.habertelgraf.com\/index.php?rest_route=\/wp\/v2\/posts\/96\/revisions"}],"predecessor-version":[{"id":97,"href":"http:\/\/www.habertelgraf.com\/index.php?rest_route=\/wp\/v2\/posts\/96\/revisions\/97"}],"wp:featuredmedia":[{"embeddable":true,"href":"http:\/\/www.habertelgraf.com\/index.php?rest_route=\/wp\/v2\/media\/35"}],"wp:attachment":[{"href":"http:\/\/www.habertelgraf.com\/index.php?rest_route=%2Fwp%2Fv2%2Fmedia&parent=96"}],"wp:term":[{"taxonomy":"category","embeddable":true,"href":"http:\/\/www.habertelgraf.com\/index.php?rest_route=%2Fwp%2Fv2%2Fcategories&post=96"},{"taxonomy":"post_tag","embeddable":true,"href":"http:\/\/www.habertelgraf.com\/index.php?rest_route=%2Fwp%2Fv2%2Ftags&post=96"}],"curies":[{"name":"wp","href":"https:\/\/api.w.org\/{rel}","templated":true}]}}